{"id":4721,"date":"2022-06-01T18:01:49","date_gmt":"2022-06-01T17:01:49","guid":{"rendered":"http:\/\/www.francamente2.com\/?p=4721"},"modified":"2022-06-01T18:01:49","modified_gmt":"2022-06-01T17:01:49","slug":"dans-une-premiere-et-derniere-analyse-le-monde-est-tragiquement-domine-par-les-gnostiques-mais-qui-sont-ils-vraiment-les-gnostiques-deux-grandes-mystifications-font-confusion-dans-les-idees-couran","status":"publish","type":"post","link":"https:\/\/www.francamente2.com\/?p=4721","title":{"rendered":"Dans une premi\u00e8re et derni\u00e8re analyse, le monde est tragiquement domin\u00e9 par les gnostiques. Mais qui sont-ils vraiment les gnostiques ? Deux grandes mystifications font confusion dans les id\u00e9es courantes sur le mot gnostique ou l\u2019\u00e9quivalent p\u00e9joratif agnostique : ils sont d\u2019abord la parole \u00ab religieux \u00bb, entendue habituellement comme nomme propre et non comme adjectif  (attribuable de nos jours \u00e0 tous, \u00e0 gauche mais aussi \u00e0 droite et au centre); et l\u2019autre parole, \u00ab rationalit\u00e9 \u00bb, avec sa seule actuelle acception de rationalisme aussi subjectif et toujours relativiste ! Le gnosticisme est ainsi modernement attribu\u00e9 \u00e0 la conception uniquement personnaliste, dans le sens de sa dite supr\u00e9matie de \u00ab libert\u00e9 ind\u00e9passable \u00bb de l\u2019homme individualiste !"},"content":{"rendered":"<p><strong><em>La perte de sens des deux termes constitue la soustraction violente \u00e0 la culture que la pens\u00e9e soi-disant moderne a impos\u00e9e au monde. Raison pour laquelle on ne pense plus \u00e0 la religiosit\u00e9 comme qualit\u00e9 fondamentale de la Personne, dans la Soci\u00e9t\u00e9 qui la pr\u00e9c\u00e8de et la fonde\u00a0! Avec la naturelle d\u00e9pendance au principe supr\u00eame de la Libert\u00e9 m\u00e9taphysique par rapport \u00e0 l\u2019arbitraire bestial.<br \/>\n<\/em><\/strong>La plus colossale mystification de note \u00e9poque est l\u2019idol\u00e2trie du politicien, non de la noble politique. Laquelle a toujours l\u2019indispensabilit\u00e9 d\u2019\u00eatre pr\u00e9c\u00e9d\u00e9e et d\u00e9pendante par la cat\u00e9gorie de la morale. En tant que parole solitaire, en effet, la politique ne la poss\u00e8de pas\u00a0! Elle devrait en \u00eatre illumin\u00e9e et subordonn\u00e9e dans chaque son d\u00e9tail. Sans morale de r\u00e9f\u00e9rence constante, la politique devient fatalement activit\u00e9 politicienne. Raison pour laquelle, ses trois tendances classiques (gauche, droite ou centre), paraissent op\u00e9rationnelles en modalit\u00e9 syst\u00e9matiquement orpheline et folle, \u00e0 cause de la perdue \u00ab\u00a0g\u00e9nitorialit\u00e9\u00a0\u00bb conceptuelle. \u00c0 partir de la derni\u00e8re civilisation int\u00e9gr\u00e9e et int\u00e9grale \u2013 celle m\u00e9di\u00e9vale toujours \u00e0 priori injustement d\u00e9nigr\u00e9e dans la soi-disant pens\u00e9e non seulement occidentale\u00a0! Qui a \u00e9t\u00e9 priv\u00e9 de son in\u00e9liminable conception morale\u00a0: c\u2019est-\u00e0-dire Chr\u00e9tienne catholique, qui l\u2019avait aliment\u00e9e et directe. La chose arrive en l\u2019occurrence \u2013 on pourrait dire automatiquement \u2013 mais sans la conscience intellective qui doit aussi l\u2019informer et diriger, toujours \u00e0 la source. D\u2019o\u00f9 l\u2019impossibilit\u00e9 de pouvoir m\u00eame seulement dialoguer entre les diff\u00e9rentes positions dites actuellement politiciens (en r\u00e9alit\u00e9 fatalement pr\u00e9-politiques). Lesquelles rendent structurellement incompr\u00e9hensibles les bavardages de notre monde politique\u00a0 fatalement d\u00e9grad\u00e9s, d\u00e9sormais internationales. En surcroit, subordonn\u00e9s aux id\u00e9ologies \u2013 m\u00eame apparemment muables \u2013 \u00a0aux lignes de conduite soi-disant strat\u00e9giques, mais r\u00e9ellement arbitraires. Il n\u2019est pas par hasard, si la pr\u00e9occupation majeure est g\u00e9n\u00e9ralement celle d\u2019affirmer sans arr\u00eat la conception de l\u2019\u00c9tat absolu et totalitaire qui a r\u00e9duit, dans les derniers si\u00e8cles, le concept des paroles \u00ab\u00a0religieux\u00a0\u00bb \u00abet \u00ab\u00a0rationalit\u00e9\u00a0\u00bb \u00e0 celui faux et soi-disant factuel seulement immanent. La pens\u00e9e vraiment dialogique, non rationaliste du Logos pr\u00e9chr\u00e9tien grec (r\u00e9\u00e9valu\u00e9 et int\u00e9gr\u00e9 dans le Christianisme par le supr\u00eame saint Thomas d\u2019Aquin), s\u2019est \u00e9vapor\u00e9e dans l\u2019absence de V\u00e9rit\u00e9 pr\u00e9programm\u00e9e dans la pens\u00e9e moderniste toujours relativiste\u00a0! Laquelle devrait contrarier, par d\u00e9finition, \u00e0 la base de la V\u00e9rit\u00e9 \u00e9ternelle et ontologique, la m\u00eame activit\u00e9 politique dans sa naturelle g\u00e9nitorialit\u00e9 morale et religieuse\u00a0! L\u2019actuelle impossibilit\u00e9 antagoniste et a-dialogique entre les diff\u00e9rentes positions politiques, en manquant le sens des deux dites paroles transcendantes, se manifeste dans l\u2019infini bavardage sans construction, actuellement inutilement en vogue. Celui de la conception toujours plus indistincte entre les diverses politiques qui, en r\u00e9alit\u00e9, sont toujours soumises aux soi-disant\u2026 march\u00e9s \u00e9conomiques, comme succ\u00e9dan\u00e9 de celui v\u00e9ritable divin de \u00ab\u00a0morale\u00a0\u00bb\u00a0!<\/p>\n<p><strong><em>Depuis le d\u00e9but de la Renaissance, comme \u00ab\u00a0salut de l\u2019obscur Moyen-\u00e2ge\u00a0\u00bb, ce double faux concept de l\u2019autonomisme humain du Dieu trinitaire est devenu toujours plus g\u00e9n\u00e9ralis\u00e9 et illusoire, surtout dans le pouvoir publique. Avec la technique barbare de la mystification de l\u2019\u00e8re pr\u00e9c\u00e9dente en la d\u00e9pr\u00e9ciant, afin de valoriser le faux salut narcissique \u00ab\u00a0conquis\u00a0\u00bb par l\u2019homme\u2026<br \/>\n<\/em><\/strong>En fait, la n\u00e9cessit\u00e9 indispensable de disposer d\u2019une identit\u00e9 g\u00e9n\u00e9ratrice de la politique, se r\u00e9alise avec la recherche de justifier le Tout (sans jamais y r\u00e9ussir), avec l\u2019artifice du march\u00e9 \u00e9conomique rationaliste et non rationnel, soi-disant \u00ab\u00a0concret\u00a0\u00bb. Des tr\u00e8s grands philosophes des derniers deux ou trois si\u00e8cles, sont arriv\u00e9s aussi \u00e0 mystifier la Transcendance elle-m\u00eame, sp\u00e9cialement avec la derni\u00e8re pirouette intellectuelliste de l\u2019existence de la m\u00e9taphysique dite \u00ab\u00a0la\u00efque\u00a0\u00bb (!). Comme produit de la pens\u00e9e exclusivement humaine. Tous le Grecs pr\u00e9chr\u00e9tiens \u00e9taient d\u00e9j\u00e0 arriv\u00e9s \u00e0 d\u00e9cr\u00e9ter ce myst\u00e8re supr\u00eame <em>spirituellement humain, <\/em>\u00e9lu au dessus du ciel de la connaissance terraine qui les a port\u00e9s \u00e0 ce dernier<em> corner<\/em> footballeur de sauvetage de leur toujours inconditionnelle conception surnaturelle. Donc pr\u00e9-ordinairement non concluante. Comme si m\u00eame cette facult\u00e9 intellective n\u2019avait pas \u00e9t\u00e9 donn\u00e9e naturellement par le Dieu trinitaire \u00e0 \u2018homme, pour le rendre Libre de simplement \u00eatre r\u00e9ciproque \u00e0 Son Amour, au moins ponctuellement. Comme en l\u2019occurrence celui qui domine le pass\u00e9 r\u00e9ussie toujours \u00e0 manipuler le futur, les hommes continuent toujours \u00e0 calomni\u00e9 d\u2019une fa\u00e7on abjecte tout le Moyen-\u00e2ge, dans le but de naturellement de magnifier les connaissances atteintes par apr\u00e8s, m\u00eame si elles sont contradictoires dans leurs recherche dans la pens\u00e9e, intrins\u00e8quement aussi\u00a0 non concluante, toute\u00a0 inf\u00e9conde et plut\u00f4t seulement factuelle\u2026\u00a0 Jusqu\u2019\u00e0 faire devenir la pens\u00e9e \u00e9ternelle et religieuse une cat\u00e9gorie de fait \u00e9trang\u00e8re \u00e0 l\u2019homme, ou tout de m\u00eame r\u00e9duite \u00e0 sa dimension intime et seulement spiritualiste. Avec la rationalit\u00e9 r\u00e9duite au rationalisme ignoblement sp\u00e9culatif et toujours ouvert th\u00e9oriquement \u00e0 toutes les possibles possibilit\u00e9s (r\u00e9ellement impossibles)\u00a0! Dans le but d\u2019annihiler leur\u00a0\u00ab\u00a0principe fondant\u00a0\u00bb de la recherche principale de v\u00e9rit\u00e9 dans leur philosophie, naturellement toujours p\u00e9riph\u00e9rique. Et, surtout, auto-satisfaisante d\u2019une fa\u00e7on aussi historiquement r\u00e9it\u00e9rative et d\u00e9sormais ridicule\u00a0 dans son h\u00e9donisme clochard! En refusant, naturellement, la simple, merveilleuse et l\u00e9gitime recherche n\u00e9cessairement laudative et th\u00e9ologique. Ainsi, m\u00eame la Transcendance a \u00e9t\u00e9 domestiqu\u00e9e \u00e0 l\u2019horizontalit\u00e9 r\u00e9duite de la dimension des justifications pr\u00e9chr\u00e9tiennes. \u00c0 l\u2019\u00e9poque n\u00e9cessairement intuitive des philosophes grecs. Lesquels ont fond\u00e9 la signification du soi-disant \u00ab\u00a0abstrait\u00a0\u00bb de la m\u00e9taphysique faussement ma\u00eetris\u00e9e des <em>modernes <\/em>m\u00e9cr\u00e9ants. La m\u00e9thode avec laquelle on a pu atteindre cet absurde et significatif objectif m\u00e9diocre, est l\u2019habituel exp\u00e9dient de la conduite \u00e9videmment sacril\u00e8ge des philosophes fonctionnellement ath\u00e9es. Toujours n\u00e9o-factuels positivistes ou presque, dans la reconduction \u00e0 l\u2019id\u00e9e toujours erron\u00e9e, insens\u00e9e et gnostique de la pens\u00e9e, \u00e0 la place de la par contre grandiose et divine nature humaine. Laquelle n\u2019est autre chose que la simple cr\u00e9aturalit\u00e9 prodigieuse et libre\u00a0: qui pr\u00e9conise simplement l\u2019omnipuissance et l\u2019omniscience du Dieu Cr\u00e9ateur.<\/p>\n<p><strong><em>La preuve du manque de fondement logique, philosophique et th\u00e9ologique de la culture dite moderne, est donn\u00e9e par l\u2019\u00e9vidence de la folie dominant dans le monde. Dans laquelle pataugent aussi les guerres de nos soci\u00e9t\u00e9s\u00a0: toutes politiquement con\u00e7ues gnostiques et politiciennes.<br \/>\n<\/em><\/strong>Rien n\u2019a chang\u00e9, malgr\u00e9 les exp\u00e9riences d\u00e9sastreuses belliqueuses et\u00a0 ac\u00e9phales du vingti\u00e8me si\u00e8cle, dans la conception politicienne de la vraie impuissante \u00ab\u00a0volont\u00e9 de puissance\u00a0\u00bb de l\u2019homme dit moderne\u00a0: en r\u00e9alit\u00e9 tr\u00e8s s\u00e9nile et apparemment devenu fou dans l\u2019irr\u00e9versible. La logique elle-m\u00eame, le principe de la recherche philosophique et l\u2019absence pr\u00e9d\u00e9termin\u00e9e d\u2019approfondissement de la th\u00e9ologie, montrent aussi au plus obtus incr\u00e9dule indiff\u00e9rent, dit agnostique, l\u2019absurdit\u00e9 de se rebiffer encore \u00e0 la R\u00e9v\u00e9lation de la part de l\u2019homme au Myst\u00e8re divin trinitaire dans son \u00c9glise Catholique. Paradoxalement, on dirait qu\u2019on se trouve d\u00e9j\u00e0 au point le plus aigu de la n\u00e9gation\u2026 de l\u2019\u00e9vidence elle-m\u00eame\u00a0! En consid\u00e9rant les concr\u00e8tes r\u00e9alit\u00e9s, il n\u2019est pas possible de conclure diff\u00e9remment qu\u2019avec le pessimisme plus \u00e9lev\u00e9, au moins pour le future le plus prochain, une issue tragiquement antichr\u00e9tienne\u2026 D\u2019o\u00f9 vient-il tant d\u2019irrationalit\u00e9 op\u00e9rationnelle\u00a0? Toute la modernit\u00e9 en est imbib\u00e9e\u00a0! \u00c9videmment elle d\u00e9rive, \u00e0 partir d\u2019une correspondante cause de manque de rationalit\u00e9 m\u00eame dans l\u2019\u00c9glise catholique elle-m\u00eame, depuis au moins 60 ans. De l\u2019Accord de Metz avec le Soviet Supr\u00eame communiste pr\u00eat \u00e0 spontan\u00e9ment \u00e0 se d\u00e9clarer, pas plus tard de deux d\u00e9cennies, face au monde entier en compl\u00e8te faillite\u00a0! Le d\u00e9bat culturel et th\u00e9ologique du Catholicisme dominant (celui de l\u2019actuel Pontificat) est, en effet, d\u2019une mis\u00e8re d\u00e9bilitante. Le besoin extr\u00eame de revenir, tr\u00e8s simplement, \u00e0 la R\u00e9v\u00e9lation divine et \u00e9ternelle de la Rationalit\u00e9 annonc\u00e9e par le Dieu trinitaire, n\u2019est plus m\u00eame pas per\u00e7u comme Tradition de V\u00e9rit\u00e9. Seulement \u00e0 approfondir et non \u00e0 r\u00e9former. Sans naturellement les actuelles et fr\u00e9quentes systematiquement et jamais d\u00e9mentiesintermittences h\u00e9r\u00e9tiques\u00a0!\u00a0 Par exemple, la visite de Pape Fran\u00e7ois \u00e0 une \u00c9glise su\u00e9doise, dans le milieu des festivit\u00e9s du cinq centi\u00e8me anniversaire de leur schisme protestant du Catholicisme\u00a0; et (toujours comme exemple reli\u00e9) l\u2019exposition laudative de la statue de Luther personnifiant l\u2019\u00e9ternel damn\u00e9 du Concile de Trente pos\u00e9 d\u00e9finitivement \u00e0 l\u2019Enfer\u2026\u00a0! C\u2019est-\u00e0-dire, l\u2019affront impudent de la propre vocation exclusive de l\u2019\u00c9glise catholique, contre laquelle on est contraint aussi \u00e0 combattre, parfois d\u2019une fa\u00e7on tr\u00e8s radicale comme fid\u00e8les, avec le sommet de l\u2019\u00c9glise romaine (largement infiltr\u00e9e par le modernisme h\u00e9r\u00e9tique et s\u00e9cularis\u00e9, depuis au moins 60 ans). Il apparait de cette fa\u00e7on le n\u0153ud central du probl\u00e8me\u00a0: la crise gravissime \u00e9galement de l\u2019Autorit\u00e9 bien digne\u00a0! Il n\u2019est pas, en effet, simplement possible la conception d\u2019un n\u2019importe quelle conception d\u2019un projet de Salut humaine et politique, en manque d\u2019une toujours et constante Autorit\u00e9 bien fond\u00e9e du Catholicisme dans le monde. Surtout sur le plan public\u00a0! L\u2019actuelle crise de l\u2019\u00c9glise romaine qui s\u2019insinue depuis des si\u00e8cles, apr\u00e8s l\u2019\u00e8re des deux principaux protestantismes mondiaux (le luth\u00e9ranisme et l\u2019anglican, aussi c\u00e9l\u00e9br\u00e9s d\u2019une fa\u00e7on diff\u00e9renci\u00e9e\u00a0 sans aucun d\u00e9mentie publique de la part de l\u2019\u00c9glise actuelle romaine), emp\u00eache de fait l\u2019unit\u00e9 indispensable de l\u2019\u00c9glise. Comme levain m\u00eame illuminant, entre les probl\u00e8mes toujours plus intrigu\u00e9s et autrement non r\u00e9solubles dans le monde.<\/p>\n<p><strong><em>La \u00a0Justice, on le sait, est \u00e0 la base de la Paix et de la V\u00e9rit\u00e9 dans le monde (in\u00e9vitablement publique). Il faut, comme toujours, une permanente Unit\u00e9 propre de la Tradition \u00e9ternelle qui s\u2019\u00e9tait affirm\u00e9e dans la Passion du Christ sur la Croix et de Sa propre R\u00e9surrection.<br \/>\n<\/em><\/strong>Cette propre de la R\u00e9v\u00e9lation est manquante et discut\u00e9e dans l\u2019ambig\u00fcit\u00e9 \u00e0 partir d\u2019une condition d\u2019h\u00e9t\u00e9rodoxie explicitement affirm\u00e9e depuis plus d\u2019un demie si\u00e8cle, avec\u00a0 la doctrine et les actes toujours \u00e9clatants falsifi\u00e9s et contradictoires. La \u00ab\u00a0Nouvelle \u00c9glise\u00a0\u00bb actuellement ranh\u00e9rienne et saintgalliste (affirm\u00e9e et jamais d\u00e9savou\u00e9e), s\u00e9vit dans une continuit\u00e9 intermittence depuis plus d\u2019un demi si\u00e8cle apr\u00e8s de centaines d\u2019ann\u00e9es d\u2019h\u00e9r\u00e9sie end\u00e9mique et progressive moderniste. \u00a0Toujours stigmatis\u00e9e depuis l\u2019\u00e9ternel Corps Mystique priant pour le Bien de l\u2019\u00c9glise et pour la conversion \u00e0 partir de la plus haute hi\u00e9rarchie du clerg\u00e9 (pour sa Conversion). D\u00e9j\u00e0 accus\u00e9e, au moins partiellement mais d\u2019une fa\u00e7on dramatique dans une continuit\u00e9 habituellement stricte, d\u00e9j\u00e0 depuis avait le \u00ab<em>\u00a0Syllabus\u00a0<\/em>\u00bb de Pie IX, et de la \u00ab\u00a0<em>Pascendi\u00a0<\/em>\u00bb de saint Pie X, en 1907. Au moins deux si\u00e8cles de d\u00e9nonces apocalyptiques, sans \u00eatre \u00e9cout\u00e9es comme si elles \u00e9taient lanc\u00e9es au vent dans le d\u00e9sert\u2026 Le manque d\u2019Autorit\u00e9 sure, d\u00e9sormais certifi\u00e9e du Catholicisme mondial auto-d\u00e9missionn\u00e9e par Pape Benoit XVI, d\u00e9finitivement avec le Concile Vatican II (qui avait d\u00e9cid\u00e9 d\u2019une fa\u00e7on absurde de ne plus condamner \u00a0rien en mati\u00e8re de Doctrine Chr\u00e9tienne dogmatique), ne permet plus une capacit\u00e9 probante de direction e de m\u00e9diation\u00a0! Comme du reste r\u00e9unir l\u2019articul\u00e9e et falsifi\u00e9e structure du Catholicisme mondial, sans une Autorit\u00e9 indiscutable et th\u00e9ologiquement v\u00e9rifi\u00e9e et \u00ab\u00a0sanctionn\u00e9e\u00a0\u00bb, relativement \u00e0 la V\u00e9rit\u00e9 dogmatique\u00a0? La Gr\u00e2ce divine, de sa part, a d\u00e9j\u00e0 r\u00e9solu ce dilemme. Mais seulement dans une modalit\u00e9 \u00ab\u00a0th\u00e9orique\u00a0\u00bb, dans le sens original du terme th\u00e9ologique et potentiel dans sa fid\u00e9lit\u00e9 dogmatique \u00e0 la Tradition. Quelle est donc la situation actuelle, avec une \u00c9glise catholique encore h\u00e9t\u00e9rodoxe, malgr\u00e9 les tr\u00e8s saintes derni\u00e8res d\u00e9cisions pontificales sur la guerre ukrainienne, tant justement lou\u00e9es\u00a0?\u00a0 Le probl\u00e8me reste, car aucune autocritique publique a \u00e9t\u00e9 officiellement avanc\u00e9e a faveur du principe du Sacrement de la R\u00e9conciliation, pour toutes les h\u00e9t\u00e9rodoxies commises de ces derni\u00e8res d\u00e9cennies\u00a0!<\/p>\n<p><strong><em>Sans l\u2019Autorit\u00e9 eccl\u00e9siale et politique la\u00efque de la Doctrine Sociale de l\u2019\u00c9glise catholique, pas m\u00eame de politique\u00a0! Celle-ci, actuellement ac\u00e9phale, ne peut que faillir face au Myst\u00e8re Chr\u00e9tien de l\u2019\u00c9glise catholique, dans sa mission du Salut \u00e9ternel, donc aussi de cette Terre.<br \/>\n<\/em><\/strong>La Sapience divine incarn\u00e9e \u00e9ternellement avec le Corps Mystique Eucharistique et dans la dogmatique doctrinale de la Tradition Magist\u00e9rielle, a produit le providentiel miracle d\u2019au moins une partie du Catholicisme, de surcro\u00eet social et vraiment politique, qui s\u2019est qualifi\u00e9 surtout dans ces derniers lustres comme la plus rigoureuse et compl\u00e8te recherche th\u00e9ologique, \u00e0 l\u2019int\u00e9rieur de l\u2019\u00c9glise romaine. Il s\u2019agit de \u00ab\u00a0l\u2019Observatoire de la Doctrine Sociale de l\u2019\u00c9glise Van Thu\u00e2n, de Trieste\u00a0\u00bb, pr\u00e9sident le grand archev\u00eaque fondateur Giampaolo Crepaldi et son directeur, le tr\u00e8s vaillant th\u00e9ologien et publiciste, Stefano Fontana. Leur action, avec tout le large groupe de chercheurs actifs, a r\u00e9volutionn\u00e9 le contexte th\u00e9ologique et critique en rapport \u00e0 toute la crise h\u00e9t\u00e9rodoxe du Catholicisme \u00ab\u00a0moderne\u00a0\u00bb et moderniste des derniers cinq Pontifes (aussi celui de Jean-Paul I.<br \/>\nLes innombrables publications et les nombreux livres doctrinaux du Fontana (et de l\u2019archev\u00eaque Crepaldi) constituent \u00e0 ce jour le<em> top<\/em> de la rigueur non seulement de la<em> DS\u00c9 <\/em>(<em>Doctrine Sociale de l\u2019\u00c9glise<\/em>), mais du stade le plus avanc\u00e9 et d\u00e9taill\u00e9 de la moderne culture th\u00e9ologique \u00e9ternelle de l\u2019\u00c9glise catholique. \u00c0 d\u00e9faut de sa sagace, il n\u2019est pas possible aucune activit\u00e9 politique en mesure d\u2019\u00e9viter quelque grossi\u00e8re et l\u00e9tale \u00ab\u00a0h\u00e9r\u00e9sie courante. Mieux l\u2019inactivit\u00e9 totale, moins certainement nuisible de l\u2019activisme ac\u00e9phale, d\u00e9consid\u00e9r\u00e9\u00a0 e diaboliquement d\u00e9vi\u00e9 des actuelles tendances, aussi bien eccl\u00e9siales que sociopolitiques\u2026 \u00a0J\u2019y revendrais sur ce blog prochainement\u00a0! Ce vrai et propre \u00ab\u00a0Dicast\u00e8re de Trieste de l\u2019\u00c9glise\u00a0\u00bb, est un des rares \u00e0 ne pas vouloir humblement produire imm\u00e9diatement un partit politique de vrais catholiques. Pourquoi\u00a0? Pour la simple raison que tous \u2013 vraiment tous\u00a0! \u2013 les essais politiciens, d\u00e9j\u00e0 op\u00e9rationnels ou potentiels en cours, c\u2019est-\u00e0-dire th\u00e9ologiquement infond\u00e9s vue la dominante erron\u00e9e culture th\u00e9ologique, sont destin\u00e9s \u00e0 la faillite gnostique comme touts les autres actuels partis politiques au niveau m\u00eame mondial\u00a0! L\u2019immaturit\u00e9 des mouvements dits catholiques \u2013 papistes gnostiques ou plus ou moins modernistes \u2013 finalement\u00a0 tous doctrinalement h\u00e9t\u00e9rodoxes et, en surcro\u00eet, impopulaires, ne font que reproduire les tendances subordonn\u00e9es et substantiellement h\u00e9r\u00e9tiques actuelles. Il ne faut pas produire rien de \u00ab\u00a0r\u00e9formiste\u00a0\u00bb, avant qu\u2019une Autorit\u00e9, devenue Autorit\u00e9 digne et rigoureuse ne donne son imprimatur\u00a0! Entretemps, prions, \u00e9tudions en discutant la <em>DS\u00c9<\/em> de Trieste. Et pr\u00e9parons-nous \u00e0 l\u2019action politique, toujours sainte de la plus haute Charit\u00e9. <strong><em><\/p>\n<p><\/em><\/strong><\/p>\n","protected":false},"excerpt":{"rendered":"<p>La perte de sens des deux termes constitue la soustraction violente \u00e0 la culture que la pens\u00e9e soi-disant moderne a impos\u00e9e au monde. Raison pour laquelle on ne pense plus \u00e0 la religiosit\u00e9 comme qualit\u00e9 fondamentale de la Personne, dans la Soci\u00e9t\u00e9 qui la pr\u00e9c\u00e8de et la fonde\u00a0! Avec la naturelle d\u00e9pendance au principe supr\u00eame [&hellip;]<\/p>\n","protected":false},"author":5,"featured_media":0,"comment_status":"open","ping_status":"closed","sticky":false,"template":"","format":"standard","meta":{"footnotes":""},"categories":[1],"tags":[],"class_list":["post-4721","post","type-post","status-publish","format-standard","hentry","category-francamente2"],"post_mailing_queue_ids":[],"_links":{"self":[{"href":"https:\/\/www.francamente2.com\/index.php?rest_route=\/wp\/v2\/posts\/4721","targetHints":{"allow":["GET"]}}],"collection":[{"href":"https:\/\/www.francamente2.com\/index.php?rest_route=\/wp\/v2\/posts"}],"about":[{"href":"https:\/\/www.francamente2.com\/index.php?rest_route=\/wp\/v2\/types\/post"}],"author":[{"embeddable":true,"href":"https:\/\/www.francamente2.com\/index.php?rest_route=\/wp\/v2\/users\/5"}],"replies":[{"embeddable":true,"href":"https:\/\/www.francamente2.com\/index.php?rest_route=%2Fwp%2Fv2%2Fcomments&post=4721"}],"version-history":[{"count":1,"href":"https:\/\/www.francamente2.com\/index.php?rest_route=\/wp\/v2\/posts\/4721\/revisions"}],"predecessor-version":[{"id":4722,"href":"https:\/\/www.francamente2.com\/index.php?rest_route=\/wp\/v2\/posts\/4721\/revisions\/4722"}],"wp:attachment":[{"href":"https:\/\/www.francamente2.com\/index.php?rest_route=%2Fwp%2Fv2%2Fmedia&parent=4721"}],"wp:term":[{"taxonomy":"category","embeddable":true,"href":"https:\/\/www.francamente2.com\/index.php?rest_route=%2Fwp%2Fv2%2Fcategories&post=4721"},{"taxonomy":"post_tag","embeddable":true,"href":"https:\/\/www.francamente2.com\/index.php?rest_route=%2Fwp%2Fv2%2Ftags&post=4721"}],"curies":[{"name":"wp","href":"https:\/\/api.w.org\/{rel}","templated":true}]}}