{"id":4670,"date":"2021-12-13T02:34:50","date_gmt":"2021-12-13T01:34:50","guid":{"rendered":"http:\/\/www.francamente2.com\/?p=4670"},"modified":"2021-12-13T02:35:03","modified_gmt":"2021-12-13T01:35:03","slug":"cest-le-corps-mystique-de-leglise-catholique-souvent-peu-visible-le-but-permanent-du-chemin-de-lhomme-autrement-voue-a-la-perdition-meme-mentale-et-comportementale-aussi-le-plus-divine","status":"publish","type":"post","link":"https:\/\/www.francamente2.com\/?p=4670","title":{"rendered":"C&rsquo;est le \u00ab\u00a0Corps mystique de l&rsquo;\u00c9glise catholique\u00a0\u00bb souvent peu visible, le but  permanent du chemin de l&rsquo;homme, autrement vou\u00e9 \u00e0 la perdition. M\u00eame mentale et comportementale ! Aussi le plus divinement dou\u00e9 des Mouvements catholiques a comme seule destination d\u2019abord la sanctifiante  \u00c9glise. Avec \u00e0 la t\u00eate toujours le Christ. Et ceci, dans la figure, presque jamais garantie comme de nos jours, par son \u00ab\u00a0Vicaire\u00a0\u00bb Pape Fran\u00e7ois : intermittent dans son actuelle tendance moderniste, immanentiste et protestantisant."},"content":{"rendered":"<p><strong><em>Sous peine de rester tragiquement enfantin et pl\u00e9onastique, un Mouvement catholique avec son charisme sp\u00e9cifique, donc toujours communautaire, ne peut qu&rsquo;aboutir dans le Myst\u00e8re de l&rsquo;\u00c9glise, fatalement maltrait\u00e9 et d\u00e9nu\u00e9e par le monde. Et aujourd&rsquo;hui m\u00eame peu visible sous la manie de pr\u00e9sence obsessive et h\u00e9t\u00e9rodoxe de l&rsquo;actuel Pape, r\u00e9guli\u00e8rement immanent et h\u00e9t\u00e9rodoxe, tr\u00e8s applaudi inutilement par les m\u00e9cr\u00e9ants.. \u00c0 l&rsquo;oppos\u00e9 du rigoureusement et providentiel archev\u00eaque ambroisien Vigan\u00f2,\u00a0 ex-charg\u00e9 par le Vatican, pleinement converti \u00e0 l&rsquo;\u00c9glise p\u00e9trinienne !<br \/>\n<\/em><\/strong>Courir derri\u00e8re le monde, comme il le fait depuis des d\u00e9cennies Pape Fran\u00e7ois, lequel pense que l&rsquo;humanit\u00e9 soit substantiellement d\u00e9j\u00e0 investie, ranh\u00e9riennement, par la suppos\u00e9e tout de m\u00eame inconditionnellement disponible et invariable <em>Gr\u00e2ce de Dieu<strong>.<\/strong><\/em> Et ceci, aussi sans l&rsquo;\u00e9ternellement indispensable, interm\u00e9diaire et \u00e9vang\u00e9lique de l&rsquo;<em>Ecclesia<\/em> divine de Pierre. Dont le colossal apparemment manque t\u00e9l\u00e9ologique, par rapport \u00e0 la poursuite de la mentalit\u00e9 mondaine, rend \u00e9vident le probl\u00e8me constituant la grande crise d&rsquo;Apostasie dans l&rsquo;Eglise romaine. Ou mieux dans les hommes au sommet de l&rsquo;\u00c9glise ! Galopante celle-ci depuis des si\u00e8cles et, sp\u00e9cialement, de la mort de Pape Pie XII, depuis le Concile Vatican II e, particuli\u00e8rement, de ce dernier Pontificat ent\u00eat\u00e9 dans l&rsquo;h\u00e9r\u00e9sie\u2026 Avec deux crises vraiment bouleversantes de refondation, si bien de nature oppos\u00e9es, <em>Communion et Lib\u00e9ration<\/em> en une cinquantaine d&rsquo;ann\u00e9es, dans le 68 e dans le 2005 apr\u00e8s la mort du fondateur Luigi Giussani, doit se poser des questions bien plus radicales que d&rsquo;habitude<em>.<br \/>\n<\/em>Avec maintenant les actuelles d\u00e9missions, m\u00eame forc\u00e9es, de son successeur pr\u00e9sident, monseigneur Carron, dauphin d\u00e9fini tr\u00e8s \u00ab\u00a0\u00e9tranger\u00a0\u00bb, depuis le d\u00e9but de l&rsquo;histoire dudit \u00a0glorieux Mouvement, doit maintenant faire face une s\u00e9rieuse analyse dite de \u00ab\u00a0double crise\u00a0\u00bb, interne et externe, radicalement significative. Surtout si on pense que<em> CL<\/em> ne dispose d\u00e9sormais personne qui sache qui d\u00e9tient vraiment le pouvoir dans le monde! La chose \u00e8 indispensable pour au moins comprendre le discours eschatologique et\u00a0 salvifique du tr\u00e8s grand monseigneur Vigan\u00f2. Encore aujourd&rsquo;hui la grande majorit\u00e9 des membres de ce Mouvement historique vivent dans la plus compl\u00e8te ignorance \u00e0 propos de la politique et de la th\u00e9ologie qui, dans les derniers quinze ans et plus, ont aussi d\u00e9finitivement d\u00e9mystifi\u00e9, par exemple, le dernier Concile. Soi-disant risiblement \u00ab\u00a0exclusivement pastoral\u00a0\u00bb et non doctrinalement christocentrique ! O\u00f9 il s&rsquo;exhibait encore comme leader culturel, pratiquement indiscut\u00e9, l&rsquo;encore assez peu m\u00e9connu \u00ab\u00a0expert\u00a0\u00bb et j\u00e9suite h\u00e9r\u00e9tique, Karl Rahner.<\/p>\n<p><strong><em>La r\u00e9cente ignorance th\u00e9ologique et historiquement eccl\u00e9siologique de Communion et Lib\u00e9ration, s&rsquo;appuyant sur l&rsquo;immense et authentique culture du peut-\u00eatre le plus grand religieux catholique du dernier si\u00e8cle: celui du \u00ab\u00a0seul les audacieux parviendront au Royaume des Cieux\u00a0\u00bb\u2026<br \/>\n<\/em><\/strong>Lequel Rahner, non seulement coh\u00e9rent \u00e0 sa copieuse et diaboliquement anthropocentrique \u00ab\u00a0th\u00e9ologie immanentiste du succ\u00e8s\u00a0\u00bb (bien autre chose, donc, que le humble Myst\u00e8re de la Croix !), se pr\u00e9parait \u00e0 vivre \u00ab\u00a0<em>more uxorio<\/em>\u00a0\u00bb avec sa ma\u00eetresse\u2026 Et il en faisait m\u00eame son \u00ab\u00a0grand enseignement publique\u00a0\u00bb, totalement suivi d\u00e9j\u00e0 par une majorit\u00e9 eccl\u00e9siale au moins europ\u00e9enne.<br \/>\nEn vidant, pour au moins une cinquantaine d&rsquo;ann\u00e9es et bien plus, le concept m\u00eame d&rsquo;Autorit\u00e9, comme basilaire d\u00e9pendance r\u00e9elle, active et cons\u00e9quente de la seule et exclusive Trinit\u00e9\u2026 Re\u00e7u avec beaucoup d&rsquo;honneurs par Pape Paul VI en plein Concile (dans l&rsquo;unanime applaudissement ou presque, de cardinaux et \u00e9v\u00eaques), le moderniste Rahner eut peut-\u00eatre l&rsquo;involontaire m\u00e9rite, avec ses grossi\u00e8res affirmations doctrinaires totalement anthropocentriques, d&rsquo;aider en mani\u00e8re inconsciente \u00e0 convertir laborieusement et profond\u00e9ment le Pape lui-m\u00eame. Lequel sortit, d\u00e9j\u00e0 en 1968, son \u00ab\u00a0incommode\u00a0\u00bb et inattaquable <em>Humanae vitae<\/em> \u00a0: l&rsquo;encyclique tant repouss\u00e9e et m\u00eame indignement ridiculis\u00e9e, autant jamais vraiment contest\u00e9e ponctuellement, doctrinalement et aussi en mode rationnel. Et ceci, encore aujourd&rsquo;hui, apr\u00e8s plus d&rsquo;un demi-si\u00e8cle !<\/p>\n<p><strong><em>Le plut\u00f4t falsifi\u00e9 amour \u00ab\u00a0personnel\u00a0\u00bb de CL pour les citations de p\u00e8re Giussani, jusqu&rsquo; au\u00a0 point \u00e0 les rendre acritiquement sur\u00e9valu\u00e9es dans le d\u00e9sert anthropocentrique de sa contextualisation: dans la sous-\u00e9valuation de la m\u00e9connaissance doctrinale.<br \/>\n<\/em><\/strong>M\u00eame les militants \u00e9chapp\u00e9s de <em>CL<\/em>, apr\u00e8s la trahison de leur Mouvement, surtout dans le troisi\u00e8me mill\u00e9naire, en occasion de la succession \u00e0 p\u00e8re Giussani , avec en tout cas tr\u00e8s souvent un pied rest\u00e9 \u00ab\u00a0adolescencement \u00a0\u00bb \u00e0 l&rsquo;int\u00e9rieur de <em>CL<\/em>, \u00ab\u00a0pour continuer \u00e0 demeurer (inutilement) <em>dans leur soi-disant histoire<\/em> personnelle\u00a0\u00bb\u2026: logiquement toujours bien \u00e9vidente et immuable, naturellement ! Dans une modalit\u00e9 contraire \u00e0 tous ceux qui avaient rompu, tout de suite apr\u00e8s, avec la ligne bergoglienne, spiritualiste et \u00ab\u00a0fraternellement\u00a0\u00bb presque franc-ma\u00e7onne\u2026 Dans les derni\u00e8res ann\u00e9es, beaucoup parmi eux, arrivaient m\u00eame \u00e0 consid\u00e9rer, en mode moderniste, la V\u00e9rit\u00e9 \u00e9vang\u00e9lique inferieure ou tr\u00e8s subordonn\u00e9e au concept de \u00ab\u00a0Communaut\u00e9\u00a0\u00bb amicale (presque) concr\u00e8te. Dans l&rsquo;acception, vocationnellement et primairement \u00ab\u00a0autor\u00e9f\u00e9rentielle\u00a0\u00bb (d\u00e9sormais m\u00eame path\u00e9tiquement en tant que vieilles personnes qu&rsquo;elles \u00e9taient devenues !). Sur le plan de la vie existentielle et immanentiste ils avaient atteint, en surcroit, la vie dite \u00ab\u00a0<em>\u00e0 la fran\u00e7aise\u00a0\u00bb \u00a0<\/em>: dans l&rsquo;id\u00e9ologie plut\u00f4t vague et horizontale des \u00ab\u00a0Lumi\u00e8res\u00a0\u00bb civiles s\u00e9cularis\u00e9es (p\u00e8re Giussani, d\u00e9j\u00e0 tr\u00e8s malade et \u00e9pris de sa proche rencontre d\u00e9j\u00e0 avec son Cr\u00e9ateur ! Et, d&rsquo;autant plus, m\u00eame avec les tendances d&rsquo;influences \u00a0\u2013\u00a0 comme toujours depuis plus d&rsquo;un demi-si\u00e8cle \u2013 vaguement modernistes propres \u00e0 la Maritain, imperceptiblement \u00a0et tr\u00e8s partiellement, jusqu&rsquo;\u00e0 saint Pape Vojtyla\u2026 \u00c0 la fa\u00e7on de deux grands champions du m\u00eame modernisme rahn\u00e9rien, adh\u00e9rents \u00e0 la m\u00eame soi-disant (!) \u00ab\u00a0Mafia de Saint Gall\u00a0\u00bb, ainsi d\u00e9finie par son chef belge, le cardinal Danneels. Ils leur avaient permis de flanquer la classique auto-vantardise, plut\u00f4t f\u00e9roce dans sa critique, concernant l&rsquo;enthousiasme plut\u00f4t enfantin de c\u00e9l\u00e9brer, en mode pr\u00e9visible et tr\u00e8s publique, leur <em>CL. <\/em>Devenu entre-temps \u2013 qu&rsquo;on disait \u2013 <em>\u00e9ternellement juv\u00e9nile<\/em> dans le sens non flatteur,inad\u00e9quat et chronologique du mot : malgr\u00e9 l&rsquo;important \u00ab\u00a0troisi\u00e8me \u00e2ge avanc\u00e9\u00a0\u00bb de la grandissime majorit\u00e9 de ses anciens membres (le mouvement de <em>Jeunesse estudiantine<\/em> devenant<em> d&rsquo;une fa\u00e7on fig\u00e9e tendanciellement <\/em>\u00a0le model prototypique fig\u00e9 de toute <em>CL.<\/em> Dans un monde tr\u00e8s la\u00efciste sur le plan id\u00e9ologique et s\u00e9cularis\u00e9..<em>.<br \/>\n<\/em>Et ceci dans un Mouvement en tous cas prioritairement ou seulement \u2013 m\u00eame justement \u2013 \u00e9ducatif. Mais dans le sens toujours de l&rsquo;<em>initialit\u00e9<\/em> \u00e9l\u00e9mentaire de premi\u00e8re jeunesse r\u00e9it\u00e9rant la compr\u00e9hensible et bien connue hardiesse. Relative \u00e0 la stupeur d\u00e9couverte, pour la plupart, d&rsquo;une vision unique et unitaire de l&rsquo;existence religieuse, mais habituellement schizophr\u00e9nique dans le monde totalement incr\u00e9dule et mat\u00e9rialiste ! Tout ceci, par le truchement des critiques publiques d&rsquo;origines bancales et r\u00e9ellement f\u00e9roces (d&rsquo;origine bien immanente) du cardinal Martini, avant son d\u00e9m\u00e9nagement pensionnaire en Isra\u00ebl ; et analogues de la part du Pape Fran\u00e7ois en 2015, en audience publique face \u00e0 environs 100.000 militants de<em> CL<\/em> pr\u00e9sents (!) \u00e0 place Saint Pierre\u2026<\/p>\n<p><strong><em>La t\u00e9l\u00e9ologie finalis\u00e9e d&rsquo;un \u00ab\u00a0Mouvement catholique\u00a0\u00bb \u2013 sinon d&rsquo;une fa\u00e7on vocationnelle et pour certains d&rsquo;entre eux comme \u00e9ducateurs, \u00e0 l&rsquo;avantage du m\u00eame charisme dans son mouvement juv\u00e9nile, rendu d\u00e9j\u00e0 gnostique \u2013 est de se concevoir comme constitu\u00e9 d&rsquo;adultes, sans l&rsquo;amiable nostalgie tellement d\u00e9test\u00e9e par p\u00e8re Giussani : conduire tous les hommes \u00e0 l&rsquo;\u00c9glise p\u00e9trinienne !<br \/>\n<\/em><\/strong>C&rsquo;est la V\u00e9rit\u00e9, la caract\u00e9ristique primaire et essentielle du message chr\u00e9tien dont le christocentrisme est le n\u0153ud de la question. Pour cette raison, la tr\u00e8s malentendue fid\u00e9lit\u00e9 au Pape actuel est con\u00e7ue, non seulement dans une mani\u00e8re sentimentale et aveugl\u00e9e, en rapport avec son \u00e9vidente manque m\u00eame intentionnel, \u00e9clatant et indispensable, de droiture magist\u00e9rielle dans la Tradition. Et non d&rsquo;une fa\u00e7on rebelle propre au monde gnostique, aussi continuellement d\u00e9nonc\u00e9e dans le r\u00e9siduel\u00a0 <em>CL<\/em>. D&rsquo;autant plus que la V\u00e9rit\u00e9 christocentrique, fr\u00e9quent\u00e9e comme inf\u00e9rieur ou indiff\u00e9rente \u00e0 la politique eccl\u00e9siale papale, est encore rest\u00e9e dans la d\u00e9rive historique immanentiste, relativiste et h\u00e9r\u00e9tique. Dans une politique toujours plus active, compl\u00e8tement st\u00e9rile et infond\u00e9e. Jusqu&rsquo;\u00e0 sa finalit\u00e9 m\u00e9connue par la quasi-totalit\u00e9 des fid\u00e8les, tragiquement d\u00e9vastatrice. Par exemple, dans le soi-disant \u0153cum\u00e9nisme de nos jours tr\u00e8s continuellement pratiqu\u00e9s et toujours dans la m\u00eame substance blasph\u00e8me ! Christ est d\u00e9j\u00e0 mort crucifi\u00e9 mais ressuscit\u00e9! Avec des contenus \u00e9gales \u00e0 ceux de l&rsquo;Assisi, d\u00e9j\u00e0 \u00e0 peine per\u00e7ue dans les ann\u00e9es septante du si\u00e8cle dernier. Elle \u00e9tait fonctionnalis\u00e9e d&rsquo;une fa\u00e7on inacceptable, surtout pour un mouvement comme <em>CL<\/em> continuellement rappel\u00e9 \u00e0 sa vocation \u00e9ducative permanente. Et \u00e0 sa traditionnelle fonction glorieuse e publique. Critique celle-ci exag\u00e9r\u00e9e ou trop exag\u00e9r\u00e9e ? En r\u00e9alit\u00e9, elle est \u00e0 peine sym\u00e9trique \u00e0 l&rsquo;actuelle superficialit\u00e9 critique \u00e0 la tradition historique d&rsquo;intelligence th\u00e9ologique et politique exerc\u00e9e par tout le mouvement, pendant une cinquantaine d&rsquo;ann\u00e9es de grande prestigieuse actualit\u00e9. Par exemple, les Papes doivent demeurer \u00e0 Rome presque tout le temps \u2013 on le sait \u2013 comme naturellement \u00ab\u00a0Vicaires\u00a0\u00bb, en tant qu&rsquo;\u00e9ternels aboutissement des p\u00e8lerinages de foi r\u00e9demptrice pour le monde entier. Et pour tous les membres des fausses religions, en p\u00e9nitence ou en remerciement de conversion p\u00e9trinienne !<\/p>\n<p><strong><em>La rigoureuse analyse de la structure du pouvoir dans le monde entier de l&rsquo;archev\u00eaque Vigan\u00f2, apprise par le biais de charges tr\u00e8s importantess avant sa conversion au Catholicisme p\u00e9trinien.<br \/>\n<\/em><\/strong>La doctrine des hi\u00e9rarchies n\u00e9o-gnostiques, astucieusement dictatoriale dans le la\u00efcisme irr\u00e9ductible au niveau mondial (et de chaque Pays) du <em>NOM<\/em>, avait par contre d\u00e9j\u00e0 fait magnifiquement son infamant travail destructif, g\u00e9n\u00e9ral de totale d\u00e9christianisation. Dans la civilisation occidentale et, surtout, dans l&rsquo;Europe \u00e0 partir de la d\u00e9g\u00e9n\u00e9r\u00e9e refondation de Maastricht. Et ceci pendant que tous les catholiques \u00e9taient plut\u00f4t \u00ab\u00a0concentr\u00e9s\u00a0\u00bb sur le concept excentrique, toujours par ailleurs valide, de la nouvelle. Et authentique religiosit\u00e9 et des crises mondiales spontan\u00e9ment auto-confess\u00e9es par le communisme lui-m\u00eame. \u0152uvre sordide et falsifiant de s\u00e9cularisation effective, de la part des souteneurs de l&rsquo;encore plut\u00f4t m\u00e9connu <em>Nouvel Ordre Mondial<\/em>, ignor\u00e9 par tous les tr\u00e8s na\u00effs mouvements catholiques officiels. Avec \u00e0 la t\u00eate le sacr\u00e9 clerg\u00e9 toujours plus perfide et immanentiste, au-del\u00e0 des apparences\u2026 \u00a0Justement, au fur et \u00e0 mesure, express\u00e9ment nomm\u00e9s aux postes cl\u00e9s, avec des intentions substitutives pour d\u00e9j\u00e0 assurer les responsabilit\u00e9s plus au moins subordonn\u00e9es, maintenant au modernisme politique. Via l&rsquo;\u00e9tatisme galopant de la soi-disant modernit\u00e9 surtout \u00a0bergoglienne\u2026 En surplus, m\u00eame assez \u00a0cach\u00e9 et surtout toujours en modalit\u00e9 assez mystifi\u00e9e\u2026 bien financi\u00e8re. Actuellement l&rsquo;archev\u00eaque Vigan\u00f2 a eu ainsi le grand \u00ab\u00a0d\u00e9m\u00e9rite\u00a0\u00bb, selon ses adversaires d&rsquo;avoir analys\u00e9 tout ce qui, soudainement, en face du monde entier et de mani\u00e8re rigoureusement avec la grande et r\u00e9aliste comp\u00e9tence historique, s&rsquo;accompagnant avec sa pr\u00e9cision m\u00e9ticuleuse. Etant donn\u00e9, surtout, le degr\u00e9 d&rsquo;ignorance irr\u00e9ligieuse et id\u00e9ologique au sommet des presbyt\u00e9riens, la plupart en silence plut\u00f4t cach\u00e9e, depuis de d\u00e9cennie.\u00a0 \u00c0 ce r\u00e9alisme implacable ont servi les anciennes exp\u00e9riences de repentance politico-religieuses de cet immense archev\u00eaque inattendu, \u00e0 ses hauts charges eccl\u00e9siastiques mondiales. Dans lesquelles\u00a0 il avait cumul\u00e9 personnellement rares connaissances pr\u00e9cieuses. Celles-ci ont aussi permis au grand pr\u00e9lat l&rsquo;enchantant miracle de sa profonde conversion. Elle lui a permis ainsi un niveau di documentation dans sa nouvelle et d\u00e9senchant\u00e9e vision du monde et de l&rsquo;\u00c9glise catholique, m\u00eame dans son propre annonce. Qui est devenu, en d\u00e9crivant tous les passages et les articulations des d\u00e9vastations r\u00e9elles d\u00e9j\u00e0 accomplies, \u00e0 partir desquelles les malheurs existentiels et politiques actuels, sont comme sources certaines. Le v\u00e9ritable pouvoir mondialiste trans-humain, g\u00e9n\u00e9r\u00e9 ainsi depuis un demi-si\u00e8cle, sans compter les pr\u00e9c\u00e9dents pr\u00e9paratoires s\u00e9culaires de la franc-ma\u00e7onnerie internationale pour \u00a0la plus grande Apostasie de l&rsquo;histoire. Laquelle a d\u00e9j\u00e0 provoqu\u00e9, quasi imperturbablement, la d\u00e9rive gnostique de la s\u00e9cularisation de la <em>pens\u00e9e unique, s<\/em>urtout avec l&rsquo;infiltration moderniste dans la \u00ab\u00a0<em>d\u00e9\u00e9p\u00a0\u00bb<\/em> \u00c9glise catholique. Bien connue, \u00e0 nos jours, comme faussement profonde.<\/p>\n<p><strong><em>Monseigneur\u00a0 Giussani : quatre Papes, parmi ses admirateurs comme un de leurs grands Ma\u00eetres religieux et amis, m\u00eame personnels des premiers trois, dans la grave crise de l&rsquo;\u00c9glise catholique !<\/em><\/strong><em><br \/>\n<\/em>Tous ont ainsi \u00e9t\u00e9 convaincus progressivement que m\u00eame la religiosit\u00e9 presque naturelle, comme talent transcendant et studieux de p\u00e8re Giussani, puisse toujours suffire \u00e0 traduire, en mission divine, toute sa sapience humaine et th\u00e9ocentrique. \u00a0Que l&rsquo;on se rappelle de ses applications de chercheur chevronn\u00e9, sp\u00e9cialement dans sa jeunesse, pour le Protestantisme mondial. M\u00eame sur le plan op\u00e9rationnel\u2026 Non par hasard il constitue un cas unique dans l&rsquo;histoire pour \u00eatre devenu le plus estim\u00e9 catholique vivant par trois grandissimes Papes pourtant marginalement fautifs non intentionnellement : saint Paul VI, aussi comme archev\u00eaque de Milan, m\u00e9tropole et dioc\u00e8se du stup\u00e9fiant notre pr\u00eatre lombard ; saint Jean-Paul II, d\u00e9j\u00e0 \u00e0 partir de l&rsquo;\u00e9poque o\u00f9 \u00e9tait \u00e9v\u00eaque de Cracovie, lorsque ce grandissime mouvement de <em>CL <\/em>cherchait des exp\u00e9riences religieuses comparables \u00e0 la leur\u2026 ; et Beno\u00eet XVI, depuis qu&rsquo;il \u00e9tait cardinal dans son ultime t\u00e9moignage publique, pour lequelil avait choisi de se consacrer \u00e0 la\u00a0 comm\u00e9moration aux grandissimes fun\u00e9railles historiques du fondateur providentiel du grand Mouvement devebu mondial, \u00e0 la vigile de son Pontificat tr\u00e8s contrast\u00e9. En surplus, que l&rsquo;on ajoute que le cardinal Bergoglio, l&rsquo;avait ambigument ador\u00e9, lorsqu&rsquo;il \u00e9tait encore lointain de devenir le future Pape Fran\u00e7ois, encore \u00e9tabli en Argentine: \u00e0 l&rsquo;occasion de sa pr\u00e9face \u00e0 un de ses livres fondamentaux traduits en espagnol\u2026 L&rsquo;on ne doit pas oublier que si on parle de monseigneur Giussani l&rsquo;on d\u00e9crit peut-\u00eatre le plus grand christocentrique au monde dans le vingti\u00e8me si\u00e8cle et en voie de canonisation! Naturellement je ne parle pas ici de la grandeur extr\u00eame de monseigneur Lefebvre. Maintenant beaucoup de catholiques de l&rsquo;aire de <em>CL<\/em>, osent m\u00eame attaquer risiblement la diff\u00e9rente grandeur et la profondeur analytique bien comparable \u00e0 celle de <em>CL <\/em>dans toute son \u00e9poque supr\u00eame . Outre que sur le plan publique, m\u00eame\u00a0 \u00e9galement proph\u00e9tique du grand ambroisien Vigan\u00f2, comme saint Ambroise et saint Charles Borrom\u00e9e . Dimension aussi au-dessus \u00e0 celle d\u00e9j\u00e0 giussanienne, celle-ci bien supr\u00eame pour son \u00a0\u00e9poque pr\u00e9c\u00e9dente.<\/p>\n<p><strong><em>L&rsquo;exemple tr\u00e8s proche \u00e0 la situation actuelle du Catholicisme de l&rsquo;\u00e9v\u00eaque Athanase d&rsquo;Alexandrie envoy\u00e9 en exile par la quasi-totalit\u00e9 du clerg\u00e9, par h\u00e9r\u00e9sie. Mais nomm\u00e9 apr\u00e8s sa\u00a0 mort, saint et m\u00eame Docteur de l&rsquo;\u00c9glise par les v\u00e9ritables h\u00e9r\u00e9tiques internes \u00e0 l&rsquo;\u00c9glise tout de m\u00eame battus!<\/em><\/strong><\/p>\n<p>Mais actuellement, la diff\u00e9rence tragique est constitu\u00e9e par le fait que le privil\u00e8ge d&rsquo;appartenir \u00e0 l&rsquo;\u00c9glise en rite ambroisie n&rsquo;est pas support\u00e9e par la Gr\u00e2ce de disposer d&rsquo;un Pape orthodoxe, main bien h\u00e9r\u00e9tique d\u00e9j\u00e0 proclam\u00e9 amplement par une tr\u00e8s grande partie de catholiques depuis presque dix ans de scadales, comme Fran\u00e7ois! L&rsquo;\u00e9ternel P\u00e9ch\u00e9 originel n&rsquo;est, au bas mot, indemne de l&rsquo;alacrit\u00e9 diabolique et incessante du principe des d\u00e9mons: ceux-ci savent bien comme tenir lointaine de la vrai \u00c9glise p\u00e9trinienne la religiosit\u00e9 chr\u00e9tienne dans son splendeur du Vrai. Ayant d\u00e9j\u00e0 subi l&rsquo;enseignement testimonial, par exemple, de leur pr\u00e9visible d\u00e9faite tout de m\u00eame posthume, d&rsquo;un immense \u00e9v\u00eaque, Athanase d&rsquo;Alexandrie. Exil\u00e9 cinq fois, quasi \u00e0 l&rsquo;unanimit\u00e9 par son clerg\u00e9, dans le quatri\u00e8me si\u00e8cle (\u00e0 peine avant la venue de saint Ambroise et de saint Augustin \u00e0 Milan). Plus proche de nos jours surprenants, monseigneur Lefebvre, a r\u00e9alis\u00e9 une analogue parabole divine pour sa Fraternit\u00e9 Pie X : \u00ab\u00a0recueillie en gr\u00e2ce\u00a0\u00bb eccl\u00e9siale, seulement par Pape Beno\u00eet XVI, \u00e0 l&rsquo;int\u00e9rieur de la communion du catholicisme ! Au point qu&rsquo;elle a pu arriver \u00e0 \u00eatre derni\u00e8rement constat\u00e9e m\u00eame inattaquable, de la part de la furie destructrice du m\u00eame Pape Fran\u00e7ois. Maintenant d\u00e9fini \u00ab\u00a0<em>soi-disant r\u00e9formateur o exterminateur final <\/em>\u00a0\u00bb du Catholicisme en constante tendance gnostique en vue de la fondation d&rsquo;une nouvelle religion unique e mondiale (non encore confess\u00e9e)\u2026 Certes, il avait \u00e9t\u00e9 pr\u00e9figur\u00e9 Pontife, depuis le d\u00e9but du troisi\u00e8me mill\u00e9naire, par le forces h\u00e9r\u00e9tiques modernistes internes \u00e0 l&rsquo;\u00c9glise catholique elle-m\u00eame. Ainsi, il ne serait pas invraisemblable actuellement imaginer p\u00e8re Giussani en voie de c\u00e9l\u00e9brer, avec sa <em>CL<\/em>, la Sainte Messe comme toujours avant Pape Montini, dans l&rsquo;universel et sacr\u00e9 rite latin tridentin, relanc\u00e9 historiquement par Lefebvre. Et ceci, dans la conscience de la probable Apostasie compl\u00e8te de l&rsquo;actuelle \u00e8re anti-chr\u00e9tienne : d\u00e9j\u00e0 d\u00e9sormais explicitement commenc\u00e9e. On se demande quoi encore devrait-il manquer pour qu&rsquo;elle soit accomplie !<\/p>\n<p><strong><em>L&rsquo;immanquable et fatale d\u00e9rive \u00ab\u00a0h\u00e9r\u00e9tique\u00a0\u00bb, interne actuellement \u00e0 CL dans la fausse sur\u00e9valuation anachroniste du charisme giussanien, lequel \u00e9tait toujours en lutte avec le \u00ab\u00a0P\u00e9ch\u00e9 originel \u00ab\u00a0. Lutte qui n&rsquo;a pas r\u00e9ussi \u00e0 d\u00e9vier, \u00e9videmment, l&rsquo;h\u00e9t\u00e9rodoxie moderniste et papiste actuelle m\u00e9cr\u00e9ante.<br \/>\n<\/em><\/strong>\u00ab\u00a0<em>Une foi sans pens\u00e9e<\/em> \u2013 disait saint Augustin \u2013 <em>n&rsquo;en est pas une<\/em>\u00a0\u00bb : c&rsquo;est le niveau de miraculeuse sapience humaine et divine, dans une synth\u00e8se quasi inimaginable pour l&rsquo;\u00c9glise giussanienne connue dans le vingti\u00e8me si\u00e8cle par rapport \u00e0 celle du troisi\u00e8me mill\u00e9naire. Laquelle actuellement apparait pour le monde entier dans la religiosit\u00e9, d\u00e9j\u00e0 connue de l&rsquo;archev\u00eaque Vigan\u00f2, \u00e0 partir de sa fondamentale pr\u00e9sence dans les USA et en Italie. La simplicit\u00e9 de la foi peut avoir de la splendeur aujourd&rsquo;hui seulement dans la V\u00e9rit\u00e9 d\u00e9nu\u00e9e d&rsquo;une profonde et articul\u00e9e culture de la r\u00e9alit\u00e9. \u00c0 la condition qu&rsquo;elle soit conjugu\u00e9e constamment \u00e0 la conscience du tragique cach\u00e9 du modernisme, tant religieux que politique. Mais elle fait aussi identifier sa polarit\u00e9 avec le mondain politicien aveugl\u00e9, de lequel toute la soi-disant intellectualit\u00e9 contemporaine est hypnotis\u00e9e : Freud est le tragique relatif vainqueur tout bien int\u00e9gr\u00e9 parmi toutes les id\u00e9ologies plus ou moins progressivement tordues du dernier demi mill\u00e9naire ! Les m\u00e9andres des myst\u00e8res, faussement d\u00e9voil\u00e9s et nullifi\u00e9es par la culture psycho-sociologiste (post-communiste) \u00e0 la mode, peuvent faire tomber dans le pi\u00e8ge tous les abrutis avec le gnosticisme apparemment irr\u00e9versible de notre \u00e9poque. Surtout si soumis \u00e0 la synth\u00e8se entre les deux classiques savoirs en grande in\u00e9galit\u00e9, consacr\u00e9s par la parfaite conjugalit\u00e9. Mais d\u00e9ni\u00e9e par tous les souteneurs s\u00e9cularis\u00e9s de l&rsquo;impossibilit\u00e9 de l&rsquo;unit\u00e9 entre foi e raison. Elle rend quasi impossible et absolument non croyable, par les id\u00e9ologis\u00e9s radicaux comme l&rsquo;actuel Pape, la fusion anti-\u00e9tatiste des deux entit\u00e9s simplement viganiennes : \u00ab\u00a0Christ Roi de l&rsquo;Univers et id\u00e9ologie tyrannique <em>NOM\u00a0\u00bb<\/em>. Raison pour laquelle les abrutis d&rsquo;occasion se manifestent, peut-\u00eatre lentement et \u00a0d&rsquo;une mani\u00e8re intermittente, dans toute leur impudente nullit\u00e9 et stupidit\u00e9 offensive : contre l&rsquo;intelligence humaine et \u00e9ternellement antitotalitaire. Il y a un secret, un soi-disant secret, dans cette d\u00e9riv\u00e9e de proc\u00e9dure avanc\u00e9e dans le processus anti-christique ou strat\u00e9giquement anthropocentrique.<\/p>\n<p><strong><em>L&rsquo;indispensable Doctrine Sociale de l&rsquo;\u00c9glise pour conduire assur\u00e9ment dans l&rsquo;orthodoxie l&rsquo;action des catholiques qui devaient devenir subordonn\u00e9s et inefficaces. \u00c0 cause de l&rsquo;utilisation de philosophies incr\u00e9dules et gnostiques, dans la fascinante tendance erron\u00e9e autonomiste du rationalisme ! <\/em><\/strong>Comme le rappelle souvent le plus grand th\u00e9ologien-philosophe contemporain, Stefano Fontana, directeur du Dicast\u00e8re de la <em>Doctrine Sociale de l&rsquo;\u00c9glise<strong>, <\/strong><\/em>Observatoire Van Thu\u00e2n de Trieste, avec son ex-pr\u00e9sident, le gigantesque archev\u00eaque Crepaldi, en philosophie, la v\u00e9ritable solution d&rsquo;un \u00ab\u00a0couple dit dialectique\u00a0\u00bb est toujours seulement en possible solution quand on privil\u00e9gie, m\u00eame dans la praxis, un terme par rapport \u00e0 l&rsquo;autre. Et non lorsque on les tient sur le m\u00eame plan dans des cages ferm\u00e9es, comme dans la dialectique h\u00e9g\u00e9lienne (qui en parle m\u00eame dans une sorte d&rsquo;automatisme r\u00e9solutif\u2026). Et tandis que la philosophie certaine et indispensable reste toujours l<em>&lsquo;\u00a0\u00bbancilla theologiae\u00a0\u00bb<\/em>, et non vice versa, comme ils affirment avec arrogance et sans coh\u00e9rence, les philosophes modernistes et ceux \u00e9tatistes (lorsqu&rsquo;ils ne l&rsquo;excluent carr\u00e9ment pas en tant que m\u00eame dualisme oppos\u00e9). La foi doit \u00eatre donc ontologiquement privil\u00e9gi\u00e9 dans le rapport rationnl avec la raison, comme r\u00e9p\u00e9t\u00e9e par le tout de m\u00eame grand parmi le plus grands, le d\u00e9missionnaire Pape Beno\u00eet XVI. L&rsquo;id\u00e9alisme h\u00e9g\u00e9lien entre ainsi en opposition, en pr\u00e9tendant de compter toujours sur la proc\u00e9dure tragiquement en sens divers et en mettant tout dans la m\u00eame soupe, en aplatissement immanentiste de toute la r\u00e9alit\u00e9. Par cons\u00e9quent, le\u00a0 discours \u00e9vang\u00e9lique et salvifique de l&rsquo;archev\u00eaque Vigan\u00f2 ne vient d\u00e9sormais r\u00e9ellement m\u00eame pas compris, aussi non intercept\u00e9 par la majorit\u00e9 des soi-disant abrutis des catholiques et de <em>CL<\/em> actuelle (souvent malgr\u00e9 eux) \u2013 aussi quand ils pourraient le conna\u00eetre vraiment \u2013 dans le chambardement de la compl\u00e8te apostasie. Je r\u00e9p\u00e8te comme tr\u00e8s habituellement : l&rsquo;adjectif substantiv\u00e9 \u00ab\u00a0abruti\u00a0\u00bb ne peut pas \u00ab\u00a0\u00eatre\u00a0\u00bb offensif (au contraire !), dans le sens du signifiant de la cons\u00e9quence finale de d\u00e9gradation anti-aristocratique de l&rsquo;homme !<br \/>\nEn vrais abrutis, donc encore plus dans le cas sp\u00e9cifique examin\u00e9, certaines catholiques se d\u00e9cha\u00eenent eux aussi\u00a0 \u2013 m\u00eame contre les dits no-wax \u2013 avec des tristes et absurdes philippiques pseudo moralistes, qui n&rsquo;ont jamais eu rien \u00e0 voir avec l&rsquo;\u00e9ternel Christianisme, notamment aussi tr\u00e8s religieux giussanien !<\/p>\n<p><strong><em>Sous peine de l&rsquo;ac\u00e9phalie d\u00e9mente, rendue majoritaire avec le chantage inf\u00e2me du th\u00e9rapeutisme Covid dans l&rsquo;interdiction m\u00eame du travail : cynique et malthusien irrationnel au mieux, comme totalement rationaliste, la soci\u00e9t\u00e9 dite moderne du NOM assume les formes les plus totalitaires par rapport \u00e0 la tant clam\u00e9e \u00ab\u00a0d\u00e9mocratie sacr\u00e9e\u00a0\u00bb : devenue obscurantiste et manipulatrice.<br \/>\n<\/em><\/strong>Tous les catholiques qui ont tendance \u00e0 argumenter avec des discours rationalistes et immanentistes, c&rsquo;est-\u00e0-dire en s\u00e9parant la dimension rationnelle de celle transcendante et de foi, deviennent toujours plus in\u00e9vitablement des abrutis ou, tout de m\u00eame, ne font m\u00eame pas autre chose que produire des discours d&rsquo;abrutis. D&rsquo;irrationnels ou dans l&rsquo;irrationalisme politicien ac\u00e9phale propre de tous les partis politiques. Vraiment tous en mesures diverses : dans l&rsquo;impossibilit\u00e9 structurelle non seulement d&rsquo;\u00eatre vraiment catholiques, m\u00eame dans la fugue aux contradictions tr\u00e8s humaines. Et simplement\u00a0 impossibles sur le plan philosophique, diraient les pr\u00e9chr\u00e9tiens, Platon et Aristote, tant aim\u00e9s par le maxime th\u00e9ologien catholique de l&rsquo;histoire, Thomas d&rsquo;Aquin. Dans d&rsquo;autres termes, il \u00e9crirait dans ses livres et articles, par exemple, le directeur de la<em> DS\u00c9<\/em> Stefano Fontana, que ces pauvres \u00e9cervel\u00e9s contemporains se comportent comme ceux qui tentent de produire une pens\u00e9e catholique en utilisant une toujours indispensable philosophie, mais exclusivement s\u00e9cularis\u00e9e et ath\u00e9iste. \u00a0\u00c0 preuve suppl\u00e9mentaire, donc, de la V\u00e9rit\u00e9 catholique, selon laquelle le Christianisme n&rsquo;est pas, si on ose dire, seulement \u00e9ternellement salvifique dans l&rsquo;unique typicit\u00e9 de Sa V\u00e9rit\u00e9 transcendent. Mais on rend aussi humainement impossible la conception uniquement logico-immanente, fatalement m\u00eame subjectiviste ! Ce n&rsquo;est pas par hasard, si on assiste toujours plus \u00e0 la d\u00e9n\u00e9gation de l&rsquo;existence ou \u00e0 l&rsquo;oubli de refoulement du P\u00e9ch\u00e9 originel\u2026<\/p>\n<p><strong><em>Le f\u00e9roce \u00ab\u00a0Great Reset\u00a0\u00bb politique mondialiste du NOM, hostile aux hommes qui devraient \u00eatre non seulement d\u00e9poss\u00e9d\u00e9s de leurs biens mais surtout r\u00e9duits malthusiennement de quelques milliards! <\/em><\/strong>Le modernisme, qui comprend\u00a0 aussi le panth\u00e9isme (en \u00e9tant une partie de la synth\u00e8se des philosophies et soi-disant th\u00e9ologies \u2013 comme disait saint Pie X dans son encyclique<em> Pascendi<\/em> du 1907 \u2013 est la fausse pens\u00e9e structurelle du falsifi\u00e9 <em>NOM<\/em>, maintenant toujours plus \u00e9vidente. Avec laquelle les rares aristocraties totalitaires sont en train, en mode aussi vainqueur, de remettre \u00e0 z\u00e9ro, en produisant le fameux \u00ab\u00a0<em>Great Reset<\/em>\u00a0\u00bb de toute la civilisation nord-occidentale, y compris celle catholique. Et de la remplacer avec une tyrannie qui n&rsquo;a m\u00eame pas peur\u00a0 de son affirmation inconcevable, pour laquelle on devrait \u00ab\u00a0<em>r\u00e9duire\u00a0 de plusieurs milliards le nombre d&rsquo;humains dans les populations mondiales<\/em>\u00a0\u00bb ! \u00a0Ainsi \u00e9crivent-ils depuis des si\u00e8cles, avec l&rsquo;impudence n\u00e9o-malthusienne de \u00a0beaucoup de masses malignes et d\u00e9sormais lobotomis\u00e9es dans l&rsquo;\u00e2me, qui d\u00e9fendent l&rsquo;assassinat dans l&rsquo;avortement et dans l&rsquo;euthanasie. Le tout dilu\u00e9 dans les \u0153uvres de culture et en philosophie projectuelle dite cr\u00e9ative. Y compris les francs-ma\u00e7ons et les actuelles aristocraties<em> NOM<\/em>, mais aussi les inconscientes populations massifi\u00e9es en d\u00e9perdition. Avec en t\u00eate m\u00eame plusieurs pr\u00e9lats du clerg\u00e9 modernistes \u00e0 \u00ab\u00a0succ\u00e8s\u00a0\u00bb, express\u00e9ment nomm\u00e9s impardonnablement aux postes de responsabilit\u00e9 \u00e0 Rome par ce Pape\u2026 Tout ceci pour \u00ab\u00a0<em>rendre toute l&rsquo;humanit\u00e9 rest\u00e9e possible dans son existence<\/em> \u2013 comme ils r\u00e9p\u00e8tent toujours \u2013<em> avec la seule f\u00e9licit\u00e9 praticable pour les populations par eux justifi\u00e9es et rendues en esclavagisme<\/em>\u00a0\u00bb ! La m\u00e9thode op\u00e9rationnelle est d\u00e9j\u00e0 sous tous nos yeux des citoyens et, surtout, des catholiques : avec la soi-disant \u00ab\u00a0d\u00e9mocratie dictatoriale d\u00e9nomm\u00e9e th\u00e9rapeutique\u00a0\u00bb, magistralement d\u00e9crite par l&rsquo;archev\u00eaque Vigan\u00f2. Celle sans Dieu, d\u00e9finie \u2013 il va de soi \u2013 celui donc Trinitaire mort sur la Croix et Ressuscit\u00e9, comme aussi proclam\u00e9 par notre serviteur et archev\u00eaque Vigan\u00f2 : pour la Libert\u00e9 des hommes et pour le Salut du Ciel ! Prions fi\u00e8rement. \u00a0\u00a0\u00a0\u00a0\u00a0\u00a0\u00a0\u00a0\u00a0\u00a0\u00a0\u00a0\u00a0\u00a0\u00a0\u00a0\u00a0\u00a0\u00a0\u00a0\u00a0\u00a0\u00a0\u00a0\u00a0\u00a0\u00a0\u00a0\u00a0\u00a0\u00a0\u00a0\u00a0\u00a0\u00a0\u00a0\u00a0\u00a0\u00a0\u00a0\u00a0\u00a0\u00a0\u00a0\u00a0\u00a0\u00a0\u00a0\u00a0\u00a0\u00a0\u00a0\u00a0\u00a0\u00a0\u00a0\u00a0\u00a0\u00a0\u00a0\u00a0\u00a0\u00a0\u00a0\u00a0\u00a0\u00a0\u00a0\u00a0\u00a0\u00a0\u00a0\u00a0\u00a0\u00a0\u00a0\u00a0\u00a0\u00a0\u00a0\u00a0\u00a0\u00a0\u00a0\u00a0\u00a0\u00a0\u00a0\u00a0\u00a0\u00a0\u00a0\u00a0\u00a0\u00a0\u00a0\u00a0\u00a0\u00a0\u00a0\u00a0\u00a0\u00a0\u00a0\u00a0\u00a0\u00a0\u00a0\u00a0\u00a0\u00a0\u00a0\u00a0\u00a0\u00a0\u00a0\u00a0\u00a0\u00a0\u00a0\u00a0\u00a0\u00a0\u00a0\u00a0\u00a0\u00a0\u00a0\u00a0\u00a0\u00a0\u00a0\u00a0\u00a0\u00a0\u00a0\u00a0\u00a0\u00a0\u00a0\u00a0\u00a0\u00a0\u00a0\u00a0\u00a0\u00a0\u00a0\u00a0\u00a0\u00a0\u00a0\u00a0\u00a0\u00a0\u00a0\u00a0\u00a0\u00a0\u00a0\u00a0\u00a0\u00a0\u00a0\u00a0\u00a0\u00a0\u00a0\u00a0\u00a0\u00a0\u00a0\u00a0\u00a0\u00a0\u00a0\u00a0\u00a0\u00a0\u00a0\u00a0\u00a0\u00a0\u00a0\u00a0\u00a0\u00a0\u00a0\u00a0\u00a0\u00a0\u00a0\u00a0\u00a0\u00a0\u00a0\u00a0\u00a0\u00a0\u00a0\u00a0\u00a0\u00a0\u00a0\u00a0\u00a0\u00a0\u00a0\u00a0\u00a0\u00a0\u00a0\u00a0\u00a0\u00a0\u00a0\u00a0\u00a0\u00a0\u00a0\u00a0\u00a0\u00a0\u00a0\u00a0\u00a0\u00a0\u00a0\u00a0\u00a0\u00a0\u00a0\u00a0\u00a0\u00a0\u00a0\u00a0\u00a0\u00a0\u00a0\u00a0\u00a0\u00a0\u00a0\u00a0\u00a0\u00a0\u00a0\u00a0\u00a0\u00a0\u00a0\u00a0\u00a0\u00a0\u00a0\u00a0\u00a0\u00a0\u00a0\u00a0\u00a0\u00a0\u00a0\u00a0\u00a0\u00a0\u00a0\u00a0\u00a0\u00a0\u00a0\u00a0\u00a0\u00a0\u00a0\u00a0\u00a0\u00a0\u00a0\u00a0\u00a0\u00a0\u00a0\u00a0\u00a0\u00a0\u00a0\u00a0\u00a0\u00a0\u00a0\u00a0\u00a0\u00a0\u00a0\u00a0\u00a0\u00a0\u00a0\u00a0\u00a0\u00a0\u00a0\u00a0\u00a0\u00a0\u00a0\u00a0\u00a0\u00a0\u00a0\u00a0\u00a0\u00a0\u00a0\u00a0\u00a0\u00a0\u00a0\u00a0\u00a0\u00a0\u00a0\u00a0\u00a0\u00a0\u00a0\u00a0\u00a0\u00a0\u00a0\u00a0\u00a0\u00a0\u00a0\u00a0\u00a0\u00a0\u00a0\u00a0\u00a0\u00a0\u00a0\u00a0\u00a0\u00a0\u00a0\u00a0\u00a0\u00a0\u00a0\u00a0\u00a0\u00a0\u00a0\u00a0\u00a0\u00a0\u00a0\u00a0\u00a0\u00a0\u00a0\u00a0\u00a0\u00a0\u00a0\u00a0\u00a0\u00a0\u00a0\u00a0\u00a0\u00a0\u00a0\u00a0\u00a0\u00a0\u00a0\u00a0\u00a0\u00a0\u00a0\u00a0\u00a0\u00a0\u00a0\u00a0\u00a0\u00a0\u00a0\u00a0\u00a0\u00a0\u00a0\u00a0\u00a0\u00a0\u00a0\u00a0\u00a0\u00a0\u00a0\u00a0\u00a0\u00a0\u00a0\u00a0\u00a0\u00a0\u00a0\u00a0\u00a0\u00a0\u00a0\u00a0\u00a0\u00a0\u00a0\u00a0\u00a0\u00a0\u00a0\u00a0\u00a0\u00a0\u00a0\u00a0\u00a0\u00a0\u00a0\u00a0\u00a0\u00a0\u00a0\u00a0\u00a0\u00a0\u00a0\u00a0\u00a0\u00a0\u00a0\u00a0\u00a0\u00a0\u00a0\u00a0\u00a0\u00a0\u00a0\u00a0\u00a0\u00a0\u00a0\u00a0\u00a0\u00a0\u00a0\u00a0\u00a0\u00a0\u00a0\u00a0\u00a0\u00a0\u00a0\u00a0\u00a0\u00a0\u00a0\u00a0\u00a0\u00a0\u00a0\u00a0\u00a0\u00a0\u00a0\u00a0\u00a0\u00a0\u00a0\u00a0\u00a0\u00a0\u00a0\u00a0\u00a0\u00a0\u00a0\u00a0\u00a0\u00a0\u00a0\u00a0\u00a0\u00a0\u00a0\u00a0\u00a0\u00a0\u00a0\u00a0\u00a0\u00a0\u00a0\u00a0\u00a0\u00a0\u00a0\u00a0\u00a0\u00a0\u00a0\u00a0\u00a0\u00a0\u00a0\u00a0\u00a0\u00a0\u00a0\u00a0\u00a0\u00a0\u00a0\u00a0\u00a0\u00a0\u00a0\u00a0\u00a0\u00a0\u00a0\u00a0\u00a0\u00a0\u00a0\u00a0\u00a0\u00a0\u00a0\u00a0\u00a0\u00a0\u00a0\u00a0\u00a0\u00a0\u00a0\u00a0\u00a0\u00a0\u00a0\u00a0\u00a0\u00a0\u00a0\u00a0\u00a0\u00a0\u00a0\u00a0\u00a0\u00a0\u00a0\u00a0\u00a0\u00a0\u00a0\u00a0\u00a0\u00a0\u00a0\u00a0\u00a0\u00a0\u00a0\u00a0\u00a0\u00a0\u00a0\u00a0\u00a0\u00a0\u00a0\u00a0\u00a0\u00a0\u00a0\u00a0\u00a0\u00a0\u00a0\u00a0\u00a0\u00a0\u00a0\u00a0\u00a0\u00a0\u00a0\u00a0\u00a0\u00a0\u00a0\u00a0\u00a0\u00a0\u00a0\u00a0\u00a0\u00a0\u00a0\u00a0\u00a0\u00a0\u00a0\u00a0\u00a0\u00a0\u00a0\u00a0\u00a0\u00a0\u00a0\u00a0\u00a0\u00a0\u00a0\u00a0\u00a0\u00a0\u00a0\u00a0\u00a0\u00a0\u00a0\u00a0\u00a0\u00a0\u00a0\u00a0\u00a0\u00a0\u00a0\u00a0\u00a0\u00a0\u00a0\u00a0\u00a0\u00a0\u00a0\u00a0\u00a0\u00a0\u00a0\u00a0\u00a0\u00a0\u00a0\u00a0\u00a0\u00a0\u00a0\u00a0\u00a0\u00a0\u00a0\u00a0\u00a0\u00a0\u00a0\u00a0\u00a0\u00a0\u00a0\u00a0\u00a0\u00a0\u00a0\u00a0\u00a0\u00a0\u00a0\u00a0\u00a0\u00a0\u00a0\u00a0\u00a0\u00a0\u00a0\u00a0\u00a0\u00a0\u00a0\u00a0\u00a0<strong><em>\u00a0<\/em><\/strong><\/p>\n","protected":false},"excerpt":{"rendered":"<p>Sous peine de rester tragiquement enfantin et pl\u00e9onastique, un Mouvement catholique avec son charisme sp\u00e9cifique, donc toujours communautaire, ne peut qu&rsquo;aboutir dans le Myst\u00e8re de l&rsquo;\u00c9glise, fatalement maltrait\u00e9 et d\u00e9nu\u00e9e par le monde. Et aujourd&rsquo;hui m\u00eame peu visible sous la manie de pr\u00e9sence obsessive et h\u00e9t\u00e9rodoxe de l&rsquo;actuel Pape, r\u00e9guli\u00e8rement immanent et h\u00e9t\u00e9rodoxe, tr\u00e8s applaudi [&hellip;]<\/p>\n","protected":false},"author":5,"featured_media":0,"comment_status":"open","ping_status":"closed","sticky":false,"template":"","format":"standard","meta":{"footnotes":""},"categories":[1],"tags":[],"class_list":["post-4670","post","type-post","status-publish","format-standard","hentry","category-francamente2"],"post_mailing_queue_ids":[],"_links":{"self":[{"href":"https:\/\/www.francamente2.com\/index.php?rest_route=\/wp\/v2\/posts\/4670","targetHints":{"allow":["GET"]}}],"collection":[{"href":"https:\/\/www.francamente2.com\/index.php?rest_route=\/wp\/v2\/posts"}],"about":[{"href":"https:\/\/www.francamente2.com\/index.php?rest_route=\/wp\/v2\/types\/post"}],"author":[{"embeddable":true,"href":"https:\/\/www.francamente2.com\/index.php?rest_route=\/wp\/v2\/users\/5"}],"replies":[{"embeddable":true,"href":"https:\/\/www.francamente2.com\/index.php?rest_route=%2Fwp%2Fv2%2Fcomments&post=4670"}],"version-history":[{"count":1,"href":"https:\/\/www.francamente2.com\/index.php?rest_route=\/wp\/v2\/posts\/4670\/revisions"}],"predecessor-version":[{"id":4671,"href":"https:\/\/www.francamente2.com\/index.php?rest_route=\/wp\/v2\/posts\/4670\/revisions\/4671"}],"wp:attachment":[{"href":"https:\/\/www.francamente2.com\/index.php?rest_route=%2Fwp%2Fv2%2Fmedia&parent=4670"}],"wp:term":[{"taxonomy":"category","embeddable":true,"href":"https:\/\/www.francamente2.com\/index.php?rest_route=%2Fwp%2Fv2%2Fcategories&post=4670"},{"taxonomy":"post_tag","embeddable":true,"href":"https:\/\/www.francamente2.com\/index.php?rest_route=%2Fwp%2Fv2%2Ftags&post=4670"}],"curies":[{"name":"wp","href":"https:\/\/api.w.org\/{rel}","templated":true}]}}