{"id":4126,"date":"2020-05-18T03:25:26","date_gmt":"2020-05-18T02:25:26","guid":{"rendered":"http:\/\/www.francamente2.com\/?p=4126"},"modified":"2020-05-18T03:25:50","modified_gmt":"2020-05-18T02:25:50","slug":"i-paesi-europei-sono-di-fronte-a-due-strategie-innanzitutto-la-laica-e-incredula-ora-installata-al-potere-dellue-secondariamente-quella-dei-molto-minoritari-cattolici-tradizionalisti-in-un","status":"publish","type":"post","link":"https:\/\/www.francamente2.com\/?p=4126","title":{"rendered":"I paesi europei sono di fronte a due strategie: innanzitutto la laica e incredula, ora installata al potere dell\u2019UE; secondariamente quella dei molto minoritari cattolici tradizionalisti in una Chiesa altrettanto socialmente minoritaria. Queste due componenti sociali costituiscono una unit\u00e0 in forte opposizione tra loro ma in dialettica all\u2019interno del principio comune dell\u2019Assoluto, del Logos dei Greci e del Cristianesimo. Ma la \u00abstrategia\u00bb pi\u00f9 attivista delle masse abbrutite chiamate \u00abstupide non pensanti\u00bb rischia di diventare vincitrice totalitaria nell\u2019orribile disastro nichilista planetario"},"content":{"rendered":"<p><strong><em>Il dittatoriale nefasto pensiero unico e liquido sono l\u2019ideologia d\u2019origine massone, onusiana e sradicata: questa immensa classe sociale trasversale e pseudo-edonista non credente e gnostica, detta popolare, sta divenendo maggioritaria e dominante nel mondo intero.<br \/>\n<\/em><\/strong>Durante la metamorfosi non percepita, a partire pressappoco dal Trattato di Maastricht nel 1992, piccoli ideologhi abbrutiti come il sedicente liberale francese, Giscard d\u2019Estaing, si rifiutavano assolutamente di introdurre nella bozza di <em>Costituzione europea<\/em> la nozione di \u00ab<em>tradizione storica della cultura cristiana<\/em>\u00bb, confortati da una maggioranza schiacciante comprendente tutti i marxisti. All\u2019epoca esisteva ancora un&rsquo;infima minoranza bipolare che perseguiva gi\u00e0 inutilmente il dialogo plurimillenario tra le due principali e antagoniste anime continentali: la cattolica e la laica, la religiosa e la gnostica. In questo periodo, quando ancora sopravviveva appena l\u2019iniziale ispirazione cattolica <em>Comunit\u00e0 europea<\/em>, fino al 2009 in cui fu introdotta la denominazione gnostica e piuttosto protestante <em>Unione Europea<\/em>, sussisteva in Europa ancora abbastanza morente una dialettica dialogica che aveva conferito la sua sostanza a tutta la storia del Vecchio Continente, dalla civilt\u00e0 greca e precristiana. Con solo qualche tratto di penna dei sedicenti moderni (in realt\u00e0 si tratta sempre di feroci modernisti anche \u00ab\u00a0cattolici\u00a0\u00bb), si era compiuta la missione di uniformizzazione della storia cancellando, sotto il segno di una nuova barbarie, tutta la civilt\u00e0 cattolica dalla sua presenza fondamentalmente pubblica, europea e internazionale. Un crimine supremo e assoluto!<br \/>\nLo stesso che, quasi impercettibilmente introdottosi, gi\u00e0 da mezzo millennio stava imponendo il suo statalismo a tutti i Paesi con la supremazia su Dio e le Sue Leggi. La societ\u00e0 massificata, superficiale e riduzionista dei neo-gnostici, apparentemente inoffensivi mondialisti ha cos\u00ec in pratica compiuto la sua missione anonima, oppressiva e distruttrice.<br \/>\nMeno male che si \u00e8 installata in Europa e non solamente una forte opposizione sovranista, demistificante la nuova ideologia nichilista e falsamente cosmopolita, pure ambiguamente popolare. Questa \u00e8 alla base di un&rsquo;auto-coscienza che ha molto annunciato la disfatta in una Europa approssimativamente definita \u00a0nelle sue premesse neo-barbare. E che si prefigura anche come futuro \u00abradioso\u00bb su tutta la Terra e sul mondo umano: in realt\u00e0 si tratta del mondialismo totalitario gnostico e devastatore.<\/p>\n<p><strong><em>Il solo futuro accettabile e fondato storicamente \u00e8 quello proposto dalla rara componente eurocentrica che \u2013 come l\u2019aveva affermato il pi\u00f9 famoso filosofo dello scorso secolo, Heidegger \u2013 non considera i dominanti modernisti e liberal-nichilisti americani come veri occidentali.<br \/>\n<\/em><\/strong>L\u2019idea per cui l\u2019Europa sta marginalizzandosi tra le nuove potenze dei blocchi leader nel mondo, mette in evidenza, invece, le profezie cristiane. Le quali \u2013 dall\u2019Antico Testamento fino a quelle del Vangelo e dell\u2019Apocalisse, oltrech\u00e9 delle ultime apparizioni mariane \u2013 prefigurano una centralit\u00e0 ancora pi\u00f9 cruciale della civilt\u00e0-pilota europea per il mondo intero. Gi\u00e0 Napoleone, dopo la campagna d\u2019Egitto, aveva dichiarato molto ingenuamente che il futuro dell\u2019umanit\u00e0 sarebbe stato l\u2019islamismo a causa della sua \u00absemplicit\u00e0\u00bb in rapporto alla cultura apparentemente complessa del cristianesimo, giacch\u00e9 fondata sul\u2026 piccolo dettaglio dell\u2019irriducibile \u00ablibert\u00e0 dell\u2019uomo\u00bb. Dunque della civilt\u00e0 salvifica e storica europea, che era in lotta infinita e permanente, ma strutturalmente dialogica, tra lo statalismo degli Stati e la sussidiariet\u00e0 cristiana del Dio trinitario. Lotta resa possibile dalla sempre condivisa e centrale certezza dell\u2019Assoluto: la ricerca laica e comune della Verit\u00e0 in dialogo naturale con il logos platonico-aristotelico ed evangelico!<br \/>\nLa banale, terrena e immanente \u00absemplicit\u00e0\u00bb di tutte le altre religioni, compresa quella talmudica del giudaismo che attende sempre, inconsapevole anche del <em>Peccato originale<\/em>, il Messia \u00abrisolvente\u00bb, non pu\u00f2 nemmeno essere preso in considerazione nella dialettica da tutta la filosofia trascendente e metafisica europea. D\u2019ineliminabile natura pure precristiana, storica e cattolica. Solo la Grazia della Fede divina e cristiana pu\u00f2 separarla dall\u2019identit\u00e0 della filosofia gnostica continentale. Anche quella analitica americana e anglo-sassone, con tutto il suo empirismo umano cos\u00ec primitivo, si mostra subito situata fuori gioco dal campo dell\u2019esistenza dell\u2019Essere filosofico, anche se la sua determinazione (il famoso \u00abChi\u00bb dell&rsquo;Essere filosofico) non sia risolto. Dunque, si tratta del pensiero originario e proprio europeo. L\u2019abbrutimento fatale del nichilismo occidentale \u00e8 probabilmente anche vincitore a breve termine portando l\u2019umano a perdizione (apparente) ma ben finalmente ancora provvisorio. Anche all\u2019interno della Chiesa cattolica stessa che s\u2019\u00e8 incamminata, come previsto, verso il trionfo totale dell\u2019Anticristo. Le porte del demonio, si sa, in ultima analisi \u00ab<em>non prevalebunt<\/em>\u00bb: la speranza del cristianesimo assicura che non prevarranno!<\/p>\n<p><strong>Perch\u00e9 il considerato decadente et decaduto eurocentrismo deve essere assunto come la civilt\u00e0 che pu\u00f2 salvare il mondo dalla sua perdizione? Per il semplice fatto che, tutto l\u2019occidente e tutte le altre civilt\u00e0 gregarie da vicino o da lontano nelle sue incomparabili tracce, sono l\u2019Europa stessa! <\/strong><br \/>\nIl destino dell\u2019Europa \u00e8 stato fissato, oltre che dall\u2019avvenimento storico della Rivelazione, del \u00abFatto cristiano\u00bb, fino alla Passione e Resurrezione\u00a0in seguito risituata nella capitale dell\u2019impero romano, anche per almeno due millenni storici di testimonianza. Tutti gli avvenimenti, tutte le culture, l\u2019arte, le letterature, le scienze, i valori e i disvalori, la civilt\u00e0 giuridica e politica, proprio tutto, compreso il Cielo e la Terra con la loro trascendenza metafisica, hanno avuto la loro vita e divenire, con la loro essenza situata e formata dal Continente fisico e mitico europeo! Il suo bene e la sua teleologia, come il suo declino e il suo senso, non possono manifestarsi e giungere al successo altrimenti.<br \/>\nAlla sua rinascita che pu\u00f2 avvenire solo nella sua civilt\u00e0 originaria! Dove se no?<br \/>\nL\u2019origine della sua missione oggettiva e del suo modello sia divino che umano, spontaneamente seguito e riconosciuto, va da s\u00e9 naturalmente superiore nella sua idealit\u00e0 dalla quasi totalit\u00e0 dei popoli, non potr\u00e0 essere di pi\u00f9 che la sorgente della salvezza sempre universale e non solamente generale. \u00c8 dalla sua Croce che potr\u00e0 scaturire la Resurrezione: che lo si voglia o meno. Da parte dei suoi credenti e non credenti europei e dell\u2019immensit\u00e0 che ha toccato sfiorando la punta dell\u2019indice della sua infinita sapienza iniziale, sia umana sia divina!<br \/>\nSi \u00e8 appena avuta una piccola e grandiosa esemplificazione con la\u00a0liberazione della ragazza forse neanche cooperante e certamente scervellata milanese, rapita violentemente in Kenya dai feroci terroristi islamisti in guerra <em>jihad<\/em> della loro emblematica \u00abcivilt\u00e0 implacabilmente inferiore\u00bb.<br \/>\nTutto per essi \u00e8 soggettivamente sublime e, allo stesso tempo, tutto \u00e8 oggettivamente ignobile e troglodita! Da un lato si son avuti e si hanno abbrutiti ancora ipnotizzati e testardi nella loro strategia religiosa musulmana di conquista \u00abspirituale\u00bb per mezzo della semplice ed evidente barbarie della \u00abspada\u00bb.\u00a0E dall\u2019altra, si \u00e8 dovuto disgraziatamente costatare l\u2019abbrutimento massificato di una generazione, di una ragazza dalla cultura gnostica e psicologisticamente narcisista. Partita senza vero scopo col volontariato improvvisato, senza qualificazioni (!), verso un&rsquo;Africa irreale, e da sola.<br \/>\nE che nonostante la coercizione di diciotto mesi di violenza prigioniera, si \u00e8 convertita\u00a0stranamente \u00a0all&rsquo;islam, \u00abliberamente\u00bb. La prova: lei ha anche avuto l&rsquo;impudenza di ripresentarsi espressamente libera nel suo Paese e alle spese del suo Paese, vestita di una tunica (una specie di <em>burka<\/em> verde a viso per\u00f2 scoperto) a testimonianza della sua assurda conversione a una religione schiavista e dai metodi violenti naturalmente animaleschi, subiti anche personalmente&#8230;<br \/>\nNon solamente. Tra tutte le giuste reazioni, dopo l\u2019immancabile festa per l&rsquo;indiscutibile liberazione, occorre riflettere sull&rsquo;avvenuto pagato per\u00f2 anche enormemente e in maniera scervellata. In sovrappi\u00f9 a sanguinari terroristi musulmani che hanno la<em> gentile<\/em> abitudine di ammazzare seduta stante chiunque \u2013 pure bambini \u2013 non sappia recitare a memoria i versetti del Corano !<br \/>\nE questo mentre che l\u2019Italia \u00abtanto amata\u00bb \u00e8 colpita da una pandemia, pure molto duramente sul piano economico. La reazione pi\u00f9 intelligente \u00e8 stata naturalmente quella del presidente del minuscolo partito cattolico: il <em>Popolo della Famiglia<\/em>! Di fronte agli abbrutiti che, nella pi\u00f9 falsa coscienza, si sono limitati ad applaudire piuttosto che dilettarsi in festeggiamenti\u00a0anche ben comprensibili del caso (di fianco alle alte gerarchie della Chiesa cattolica neo-mondialista e alle masse in collera che reclamavano anche l\u2019arresto della ragazza narcisa e masochista).<br \/>\nC\u2019\u00e8 voluto quindi che il pi\u00f9 piccolo partito italiano, tralasciato dalla maggioranza dei cattolici e da una Chiesa ormai eretica a settimane alterne, sia giunto a dichiarare la totalit\u00e0 del surreale completamente raggiunto tutto a vantaggio degli oltraggi gratuitamente ricevuti dal Belpaese.<br \/>\nLa liberazione della povera sciagurata \u00e8 stata realizzata in pratica grazie alla collaborazione, decisiva e ben partigiana, degli islamisti turchi e del loro presidente dittatoriale Erdogan, anche per il relativo pagamento del crimine (destinato all\u2019acquisto di armi e del proseguimento degli attentati, secondo le dichiarazioni degli stessi terroristi rapitori!).<br \/>\nIl presidente del <em>PdlF<\/em> \u00a0ha cos\u00ec subito dichiarato: \u00ab\u00a0<em>Questo pagamento avrebbe dovuto essere preso in carico dal governo turco\u00a0<\/em>\u00bb. Il quale \u00e8 stato beneficiario internazionalmente, sul piano della sordida ignominia di propaganda scandalosa su tutta l\u2019operazione\u2026<br \/>\nA tanto \u00e8 giunta la crisi della civilt\u00e0 europea e particolarmente italiana.<br \/>\n\u00c8 qui anche indispensabile che io ricordi, ancora una volta, il senso del mio utilizzo abituale, assolutamente inoffensivo ed anche ontologicamente laudativo, dell\u2019aggettivo \u00ababbrutito\u00bb. Il quale evoca sempre lo stato umano originario e contrario della <em>nobilt\u00e0 divina <\/em>tralasciato: proprio dell\u2019uomo che si \u00e8 volontariamente degradato (l&rsquo;islam \u00e8 nato ben pi\u00f9 di seicento anni dopo il cristianesimo)\u2026<br \/>\nNon ci resta allora che pregare petrinianamente Dio, in ogni direzione, sapendo che queste sono molto multiple.<\/p>\n","protected":false},"excerpt":{"rendered":"<p>Il dittatoriale nefasto pensiero unico e liquido sono l\u2019ideologia d\u2019origine massone, onusiana e sradicata: questa immensa classe sociale trasversale e pseudo-edonista non credente e gnostica, detta popolare, sta divenendo maggioritaria e dominante nel mondo intero. Durante la metamorfosi non percepita, a partire pressappoco dal Trattato di Maastricht nel 1992, piccoli ideologhi abbrutiti come il sedicente [&hellip;]<\/p>\n","protected":false},"author":5,"featured_media":0,"comment_status":"open","ping_status":"closed","sticky":false,"template":"","format":"standard","meta":{"footnotes":""},"categories":[1],"tags":[],"class_list":["post-4126","post","type-post","status-publish","format-standard","hentry","category-francamente2"],"post_mailing_queue_ids":[],"_links":{"self":[{"href":"https:\/\/www.francamente2.com\/index.php?rest_route=\/wp\/v2\/posts\/4126","targetHints":{"allow":["GET"]}}],"collection":[{"href":"https:\/\/www.francamente2.com\/index.php?rest_route=\/wp\/v2\/posts"}],"about":[{"href":"https:\/\/www.francamente2.com\/index.php?rest_route=\/wp\/v2\/types\/post"}],"author":[{"embeddable":true,"href":"https:\/\/www.francamente2.com\/index.php?rest_route=\/wp\/v2\/users\/5"}],"replies":[{"embeddable":true,"href":"https:\/\/www.francamente2.com\/index.php?rest_route=%2Fwp%2Fv2%2Fcomments&post=4126"}],"version-history":[{"count":2,"href":"https:\/\/www.francamente2.com\/index.php?rest_route=\/wp\/v2\/posts\/4126\/revisions"}],"predecessor-version":[{"id":4128,"href":"https:\/\/www.francamente2.com\/index.php?rest_route=\/wp\/v2\/posts\/4126\/revisions\/4128"}],"wp:attachment":[{"href":"https:\/\/www.francamente2.com\/index.php?rest_route=%2Fwp%2Fv2%2Fmedia&parent=4126"}],"wp:term":[{"taxonomy":"category","embeddable":true,"href":"https:\/\/www.francamente2.com\/index.php?rest_route=%2Fwp%2Fv2%2Fcategories&post=4126"},{"taxonomy":"post_tag","embeddable":true,"href":"https:\/\/www.francamente2.com\/index.php?rest_route=%2Fwp%2Fv2%2Ftags&post=4126"}],"curies":[{"name":"wp","href":"https:\/\/api.w.org\/{rel}","templated":true}]}}