{"id":3940,"date":"2019-07-31T00:59:22","date_gmt":"2019-07-30T23:59:22","guid":{"rendered":"http:\/\/www.francamente2.com\/?p=3940"},"modified":"2019-07-31T00:59:47","modified_gmt":"2019-07-30T23:59:47","slug":"la-tragica-irrilevanza-politica-dei-cattolici-europei-e-fondata-sul-voto-utile-sul-male-minore-o-su-altre-simili-e-devastanti-sciocchezze-di-tipo-ermeneutico","status":"publish","type":"post","link":"https:\/\/www.francamente2.com\/?p=3940","title":{"rendered":"La tragica irrilevanza politica dei cattolici europei \u00e8 fondata sul \u201cvoto utile\u201d, sul \u201cmale minore\u201d o su altre simili e devastanti sciocchezze di tipo ermeneutico. \u201cIl cattolicesimo torner\u00e0 maggioranza solo quando \u2013 \u00e8 fattuale ! \u2013 rinuncer\u00e0 al compromesso\u201d, afferma l\u2019insegnamento della DSC (Dottrina Sociale della Chiesa). Non a caso questa \u00e8 a difesa intransigente, anche se nell\u2019apparente sconfitta, di tutti i \u201cPrincipi non negoziabili\u201d!"},"content":{"rendered":"<p><strong>L\u2019esempio delle attuali furbatine procedurali o compromissorie, cui una certa \u00e9lite di cattolici italiani sta ancora sottoponendosi (riguardo alla legge 580 sull\u2019eutanasia), mostra l\u2019inanit\u00e0 recidiva della subordinazione perdente del cattolicesimo al sempre illusorio o effimero successo mondano<\/strong><br \/>\nUn chiaro e magistrale articolo di Silvio Brachetta pubblicato il 15 luglio 2019 sull\u2019<em>Osservatorio van Thu\u00e2n<\/em>, organo ufficiale e universale della dottrina sociale cattolica, ribadisce (rivelandola) la demenza della politica prevalente e dominante di un un troppo attuale mondo cattolico militante.<br \/>\nIl quale rifiuta, in grande maggioranza, di confluire o di fondare (all\u2019estero) un partito indispensabilmente dei cattolici. Questo \u00e8 teso a giungere a conpromessi con la cosiddetta legge della politica del\u00a0 mondo: alla ricerca del successo ad ogni costo, seppur virtuale o solo apparentemente immediato. Questo \u00e8 un universo di cattolici teso a giungere a compromessi con la politica del mondo praticata dai partiti borghesi per i quali continuano pure a votare&#8230; Anche se perfino il cardinal Bassetti, a capo della <em>Conferenza episcopale italiana,<\/em> ha appena timidamente affermato che mai i cattolici saranno o potranno essere d\u2019accordo con l\u2019eutanasia. La mancanza di fede per l\u2019eterna Verit\u00e0 rivelata e ontologica, tipica dei princ\u00ecpi evangelici, viene ora acclamata, con relativo tripudio per\u00f2 ancora infamante. Perfino dai cattolici sedicenti e proclamatamente ritenuti pi\u00f9 critici e \u201cintelligenti\u201d. \u00c8 invece la testimonianza della Verit\u00e0, e non il perseguimento del possibile successo (o supposto) macchiavellicamente cautelativo nel mondo, l\u2019unico dovere del singolo cristiano e della sua cattolicit\u00e0 pubblica! Altrimenti, qual \u00e9 il senso dell\u2019apparente sconfitta della morte sulla Croce di cui la Risurrezione pasquale costituisce il primo fondamento di fede veramente cristiano? Si tratta \u2013 anche se molto analogicamente \u2013 del preliminare principio strategico per cui, anche nell\u2019ultimo post su questo blog, avevo giustificato la mia scelta di votare, alle ultime elezioni europee di maggio, per il giovanissimo partito \u201c<em>Popolo della Famiglia<\/em>\u201d: in vista della (ri)costruzione consolidata dell\u2019inaggirabile partito laico dei cattolici. Peraltro non solo europeo, per cui l\u2019esempio italiano \u00e8, nella materia, sempre emblematico per ogni Paese. La cosa costituisce una assoluta esemplificazione, anche se nell\u2019 estrema rarit\u00e0, soprattutto nel panorama della totalit\u00e0 dei\u00a0 partiti europei apertamente laicisti o pubblicamente nichilisti, se non di fatto apertamente immorali. Un partito, questo del <em>PdF<\/em>, da me votato, totalmente e eccezionalmente rigoroso nell\u2019applicazione della <em>Dottrina Sociale della Chiesa<\/em>.<\/p>\n<p><strong>Cos\u00ec anche i cattolici posizionati contro Papa Francesco, avversi alla sua deriva progressista e modernista, scivolano verso la \u201cmentalit\u00e0 mondana\u201d del successo politicista antievangelico<br \/>\n<\/strong>Forse il tarlo anche rimosso, diventato pi\u00f9 che evidente, di non aver aderito subito e raccomandato massivamente alla confluenza nel nuovo partito laico dei cattolici e degli uomini razionali (detto del <em>Family Day<\/em>), ha fatto ora applaudire la sorprendente iniziale idea di ticerca dell\u2019unit\u00e0 tra una trentina (!) di associazioni pi\u00f9 o meno cattoliche o ecclesiali&#8230; Siccome lo \u201cSplendore della Verit\u00e0\u201d non pu\u00f2 che emergere sempre e sempre pi\u00f9 nel \u201ctempo galantuomo\u201d, \u00e8 molto probabile che l\u2019entusiasmo verso questa ultima (seppure errone) unit\u00e0 politica cristiana si sia rivelata molto battente. All\u2019unanimit\u00e0 dei fedeli sul piano politico non c\u2019\u00e8 naturalmente alcuna alternativa ragionevole: un solo partito laico e ben rispettoso sempre della totalit\u00e0 cattolica e antistatalista. Soprattutto in una epoca in cui purtroppo il <em>trend <\/em>storico \u00e8 quello della sconfitta e delle sconfitte quantitative culturali e soprattutto legislative. Ad opera del movimento dal <em>pensiero unico<\/em> e prepotentemente totalitario proprio al secolarismo relativista. L\u2019affermazione pubblica, dunque, della Verit\u00e0 evangelica e delle ragioni naturali diventa sempre pi\u00f9 l\u2019essenziale di cui il cattolicesimo deve imporsi e dotarsi. In tutta la sua grandezza, sia razionale che rivelata. Altro che rifugiarsi nelle gi\u00e0 tutte penosamente esperimentate ricerche delle \u201castuzie\u201d politichine, fatalmente destinate ad essere asfaltate dalla cieca volont\u00e0 di potenza avversa del cosiddetto <em>spirito del tempo <\/em>gnostico! Del resto, non \u00e8 pi\u00f9 da dimostrare la colpevole ingenuit\u00e0 dei catto-culturosi contemporanei rispetto alla cristianit\u00e0. Avvezzi come ormai sono e diventati anch\u2019essi vittime del politicismo acefalo, fatalmente teleologico della gnosi ateista. La quale non evita di sfiorare o travolgere nessuno, proprio nessuno. Da cui tutte le sconfitte, soprattutto nell\u2019ultimo intenso e dissennato mezzo secolo culturale e civile. Con un partito anche confessionale, la ex <em>Democrazia Cristiana<\/em> fino ad un quarto di secolo fa, allorquando fu sciolto, essendo diventato, peraltro quasi dai primi tempi della sua fondazione, alquanto avaloriale o pure a volte anticristiano: sul modello corrente di tutti gli altri partiti marxisti o pi\u00f9 o meno liberali: come in ogni altro Paese oltralpe e oltremare.<\/p>\n<p><strong>Pure cardinali, vescovi e preti, tutti molto <em>impegnati,<\/em> oltre a religiose mondanamente arriviste, ci riempiono sempre di scemenze massificate che fanno scempio anche del buon senso ragiovevole<br \/>\n<\/strong><em>Impegnati<\/em> a cosa? Ad annunciare la Salvezza del Vangelo in Cristo? Non precisamente, e soprattutto non nel rispetto della sterminata Tradizione magisteriale alla base di tutta la civilt\u00e0, non solo occidentale. Ormai \u00e8 l\u2019obiettivo implicitamente onusiano nel quale il Clero \u00e8 veramente<em> impegnato<\/em>, quando non in modo vagamente esplicito, anche tipicamente massone. Ed \u201cecumenicamente\u201d mondialista per deisti, filosofi buonisti oppure per pi\u00f9 o meno panteisti nell\u2019orribile ecologismo. Vale a dire verso l\u2019immondo processo di secolarizzazione statalista di tutta la vita, tipico anche della vastissima protestantizzazione in atto nel nostro cattolicesimo! Questo pontificato, infatti, sembra sostanzialmente sostenere, in larghissima parte, siffatto programma demenziale. Il quale era, ed \u00e8, il programma modernista del cosiddetto gruppo di San Gallo, quello diretto dal non molto compianto cardinale belga Danneels (da pochissimo tempo deceduto), e dai cardinali tedeschi Kasper, di Amburgo e Marx, a Monaco di Baviera. \u00c8 questo gruppo, denominato generalmente <em>Mafia<\/em>, che aveva sponsorizzato (anche anticanonicamente) l\u2019elezione del cardinale argentino, futuro Francesco, in occasione delle dimissioni di Papa Emerito Benedetto. Ciononostante, il movimento cattolico antieretico non \u00e8 mai provvidenzialmente giunto a divenire scismatico: il tragico esempio del luteranesimo \u00e8 stato ben sufficientemente pedagogico!<\/p>\n<p><strong>Una politica razionale (non razionalista) fondata sui princ\u00ecpi veramente cristiani secondo la tradizione ecclesiale, sebbene laica e non trans-umanista come ora \u00e8 abitualmente in auge<br \/>\n<\/strong>Da dove proviene questo totale tentativo (finora ben riuscito!) di reale apostasia nella Chiesa cattolica? A dir il vero dalla poca famosa e quantunque diffusissima \u201cteologia\u201d(veramente nota solo tra rare <em>\u00e9lites <\/em>ecclesiastiche) fino ad essere comunque internazionalmente maggioritaria: quella dei modernisti gesuiti facenti capo al loro leader tedesco, Karl Rahner, il devastatore eretico originario del cattolicesimo, fino alla sua dipartita finale nel 1984. E, soprattutto, nell\u2019almeno ultimo mezzo secolo post-conciliare. Spesso sconosciuto anche se, malgrado tutto, progressivamente influente e determinante nei confronti dei parecchi nostri elitari cattolici attualmente pure sotto l\u2019ultima grave accusa di eterodossia. Perci\u00f2 ora mortalmente criticati dall\u2019organo della <em>DSC <\/em>(<em>Dottrina Sociale della Chiesa<\/em>) diretto dal grande arciverscovo di Trieste, monsignor Crepaldi e dal suo attivamente valentissimo segretario laico, Stefano Fontana. Vien fatto di citare a questo punto, una frase di Riccardo Cascioli, direttore profetico del quotidiano cattolico <em>online <\/em>\u201cLa Bussola\u201d (<a href=\"http:\/\/www.labussolaquotidiana.com\">www.labussolaquotidiana.com<\/a>): \u201c<em>In un mondo che impone il silenzio sulle domande pi\u00f9 importanti per l\u2019uomo, chi \u00e8 stato toccato dalla Grazia ha il compito di affermare, a ogni costo, quella Verit\u00e0 che ha incontrato, rintracciabile nelle storie e nelle cronache che ci raggiungono ogni giorno<\/em>\u201d (come pure e ad esempio l\u2019orrendo assassinio statalista in Francia, una decina di giorni scorsi, dopo ben altri in diversi Paesi, di Vincent Lambert).<br \/>\nParole sante, queste, prive dell\u2019irreligiosa fretta di cui sono imbevute le molto inutilmente<em> astute <\/em>considerazioni speculative dei nostri cattolici intelligentoni di cui sopra. Essi sono anche stravolti per l\u2019impossibilit\u00e0 di produrre nel Parlamento una legge di mediazione nel termine fissato dalla casta dei magistrati impiccioni e poterini della Corte costituzionale&#8230; Come se i tempi mondani dell\u2019attuale gnosticismo, anche statalista, fossero quelli di Dio! In sovrappi\u00f9, gli stessi fedeli vanagloriosamente impotenti sono invano impegnati pubblicamente a difendere nel mondo \u2013 sempre senza un loro partito identitario, efficace e strategico! \u2013 il valore assolutamente intangibile della vita. Cos\u00ec, fatalmente, sono anche giunti a tragicamente instupidirsi banalmente \u2013 loro, sempre critici e molto diligenti \u2013 fino al punto da confondersi e perdersi nello sciocchezzaio pi\u00f9 abitualmente nichilista.<br \/>\nLa perla, nel qualcaso, \u00e8 stata di definire \u201cirreversibile\u201d, nel loro pi\u00f9 involontario comico, certi aspetti della legge in questione&#8230; Mentre, si sa da sempre, tutte le leggi sono fatte \u2013 per definizione e antonomasia \u2013 soprattutto per <em>tornare indietro<\/em> nella pi\u00f9 pura \u201creversibilit\u00e0\u201d. Come anche ha dimostrato il recente esempio sulla clamorosa nuova legge in Alabama&#8230; L\u2019articolo citato all\u2019inizio qui sopra (della<em> DSC <\/em>di Brachetta) l\u2019ha dovuto semplicemente stigmatizzare compassionevolmente.<\/p>\n","protected":false},"excerpt":{"rendered":"<p>L\u2019esempio delle attuali furbatine procedurali o compromissorie, cui una certa \u00e9lite di cattolici italiani sta ancora sottoponendosi (riguardo alla legge 580 sull\u2019eutanasia), mostra l\u2019inanit\u00e0 recidiva della subordinazione perdente del cattolicesimo al sempre illusorio o effimero successo mondano Un chiaro e magistrale articolo di Silvio Brachetta pubblicato il 15 luglio 2019 sull\u2019Osservatorio van Thu\u00e2n, organo ufficiale [&hellip;]<\/p>\n","protected":false},"author":5,"featured_media":0,"comment_status":"open","ping_status":"closed","sticky":false,"template":"","format":"standard","meta":{"footnotes":""},"categories":[1],"tags":[],"class_list":["post-3940","post","type-post","status-publish","format-standard","hentry","category-francamente2"],"post_mailing_queue_ids":[],"_links":{"self":[{"href":"https:\/\/www.francamente2.com\/index.php?rest_route=\/wp\/v2\/posts\/3940","targetHints":{"allow":["GET"]}}],"collection":[{"href":"https:\/\/www.francamente2.com\/index.php?rest_route=\/wp\/v2\/posts"}],"about":[{"href":"https:\/\/www.francamente2.com\/index.php?rest_route=\/wp\/v2\/types\/post"}],"author":[{"embeddable":true,"href":"https:\/\/www.francamente2.com\/index.php?rest_route=\/wp\/v2\/users\/5"}],"replies":[{"embeddable":true,"href":"https:\/\/www.francamente2.com\/index.php?rest_route=%2Fwp%2Fv2%2Fcomments&post=3940"}],"version-history":[{"count":2,"href":"https:\/\/www.francamente2.com\/index.php?rest_route=\/wp\/v2\/posts\/3940\/revisions"}],"predecessor-version":[{"id":3942,"href":"https:\/\/www.francamente2.com\/index.php?rest_route=\/wp\/v2\/posts\/3940\/revisions\/3942"}],"wp:attachment":[{"href":"https:\/\/www.francamente2.com\/index.php?rest_route=%2Fwp%2Fv2%2Fmedia&parent=3940"}],"wp:term":[{"taxonomy":"category","embeddable":true,"href":"https:\/\/www.francamente2.com\/index.php?rest_route=%2Fwp%2Fv2%2Fcategories&post=3940"},{"taxonomy":"post_tag","embeddable":true,"href":"https:\/\/www.francamente2.com\/index.php?rest_route=%2Fwp%2Fv2%2Ftags&post=3940"}],"curies":[{"name":"wp","href":"https:\/\/api.w.org\/{rel}","templated":true}]}}