{"id":3885,"date":"2019-05-13T09:53:18","date_gmt":"2019-05-13T08:53:18","guid":{"rendered":"http:\/\/www.francamente2.com\/?p=3885"},"modified":"2019-05-13T09:53:43","modified_gmt":"2019-05-13T08:53:43","slug":"in-una-delle-sue-settimane-dette-intermittenti-papa-francesco-aveva-molto-giustamente-invocato-che-siano-i-cattolici-laici-a-prendere-liniziativa-responsabilmente-sui-temi","status":"publish","type":"post","link":"https:\/\/www.francamente2.com\/?p=3885","title":{"rendered":"In una delle sue settimane dette \u201cintermittenti\u201d, Papa Francesco aveva molto giustamente invocato che siano i cattolici laici a prendere l\u2019iniziativa responsabilmente sui temi del sociale e della politica. Tre anni fa, infatti, si avverava in Italia la fondazione del Popolo della Famiglia, partito laico inspirato con rigore alla DSC (Dottrina  Sociale della Chiesa). Ma pochissimi vescovi hanno dato seguito alla direttiva petrina: il presidente infatti della CEI (il massimo organismo dei vescovi italiani) cardinal Bassetti ha appena assurdamente preso posizione, in vista delle prossime elezioni europee, a favore degli gnostici europeisti (mondialisti), perdipi\u00f9 di Bruxelles!"},"content":{"rendered":"<p><strong>Oggi l\u2019europeismo dell\u2019UE (da non confondere con l\u2019Europa dei popoli) coincide nella posizione politica del mondialismo anticattolico e post-religioso: sempre gnostica e piuttosto massonica<br \/>\n<\/strong>La societ\u00e0 laica moderna \u00e8 tutt\u2019altra cosa del laicismo dominante nell\u2019universo politico oggi mondialista e europeista. Quando Ges\u00f9 aveva formulato, per primo nella storia, l\u2019idea di societ\u00e0 laica riportata nel Vangelo distinguendo tra i due poteri (quello divino e eterno di Dio da quello terreno ed immanente di Cesare), aveva indicato le due dimensioni sociali e politiche che costituiscono sempre la massima libert\u00e0 nella loro diversa ma complementare attuazione nella vita.<br \/>\nMa, si sa, il potere politico dello Stato \u2013 soprattutto contemporaneo \u2013 ha sistematicamente lottato per sottomettere oppure per eliminare quello di Dio. Si tratta qui della radice di ci\u00f2 che ora, sempre pi\u00f9 raramente, viene chiamato e ricordato lo \u201cstatalismo\u201d. Anche riferendolo, in sovrappi\u00f9, solamente al piano piuttosto economico. In realt\u00e0, esso \u00e8 rapportato ai temi etici, culturali e politici: vale a dire religiosi, totalizzanti su tutti gli aspetti dell\u2019esistenza.<br \/>\nSiccome lo Stato politico attuale si dimostra alquanto impotente sul piano economico perch\u00e9 la stessa globalizzazione mondiale ha accaparrato il potere e il controllo delle dinamiche di sviluppo, e perch\u00e9 si \u00e8 ancora nella spaventosa crisi economica a causa della natalit\u00e0, l\u2019espressivit\u00e0 della politica finisce per applicarsi apparentemente soprattutto su leggi di cultura razionalistica (non razionale).<br \/>\nE solo molto secondariamente su quelle veramente fattuali e politiche, oramai strutturalmente poco efficaci. L\u2019apparenza di siffatto potere si fa sempre pi\u00f9 evidente, al punto che anche le moltitudini dette ora \u201c<em>populiste<\/em>\u201d se ne stanno ampiamente accorgendo. Per conseguenza, esse rivendicano \u2013 ancora confusamente e sul piano alquanto riduzionista e gnostico \u2013 sempre pi\u00f9 la sovranit\u00e0 diretta della loro decisionalit\u00e0. Dall\u2019altra parte, le intraprendenti <em>\u00e9lite <\/em>sembrano aver deciso con i loro partiti europeisti, aderendo alla cosiddetta ideologia mondialista che constata blandamente lo scollamento delle decisioni economiche da quelle politiche, che il campo antireligioso e culturale sia il solo prevalentemente praticabile: quello cio\u00e8 del <em>pensiero unico<\/em> largamente e facilmente ancora accessibile. In realt\u00e0, l\u2019ideologia mondialista parecchio ancora dominante, \u00e8 gnostica e ormai molto onusiana, quindi largamente e storicamente massone. Ed \u00e8 anch\u2019essa al massimo prederminata.<br \/>\nDire oggi europeismo \u00e8 infatti la stessa cosa che nominare l\u2019ideologia mondialista, globalizzante e in pieno riduzionismo banale. \u00c8 per questo che piovono continuamente critiche feroci nei confronti delle autorit\u00e0 politiche in una linea di opposizione antagonista che raramente si \u00e8 potuta vedere nella storia. Questa lotta si \u00e8 resa analoga e parallela a quella politicista all\u2019interno della Chiesa dell\u2019attuale pontificato. Appiattito sulle posizioni alquanto moderniste: quindi piuttosto materialiste e marxiane e, in particolare, parecchio protestantizzate e causiste.<\/p>\n<p><strong>Al mondialismo detto \u201cglobalista\u201d cosmopolita, nel senso pi\u00f9 ateistico del termine, si oppone il cosiddetto sovranismo localista che per\u00f2 si ribella all\u2019immagine gretta e irreligiosa attribuitale<br \/>\n<\/strong>Accusati di essere anche <em>fascisti<\/em> \u2013 secondo la vulgata conformista, demagogica e politicista di sempre nella sinistra \u2013 per la loro parziale ma benemerita opposizione all\u2019assurda migrazione di giovani e molto prevalentemente maschile (!) clandestina o illegale, la cosiddetta destra cerca di difendersi dalle accuse di gretto localismo antiumano e pelosamente <em>immorale.<\/em> Perdipi\u00f9 anche con il costante accordo silenziato del clero dei Paesi africani e orientali. In effetti, questa migrazione \u00e8 invece sostenuta e promossa dal pontificato centrale attuale con totale opposizione di tutti, veramente tutti, i vescovi delle terre di provenienza per l\u2019emigrazione. E questo, al posto di difendere il diritto reale di non emigrare si sono inventati il diritto di farlo contro la legge: come tutte le invasioni barbariche! Diritto che non \u00e8 mai neppure stato concepito se non con la forza e la violenza delle armi e del combattimento. Comprese le innumerevoli e persistenti perorazioni irrreligiose quasi attualmente quotidiane. Falsificando non solo l\u2019insegnamente della Chiesa ma anche tutta la tradizione giudeo-cristiana! Perch\u00e9 tutto questo?<br \/>\nPer la semplice ragione ideologica di allineamento alle posizioni cosiddette liberali veramente gnostiche, ben generali, dell\u2019attuale bipartizione apparentemente contrapposta e in auge in tutto il mondo. E che ora sembra volgere pure verso una sconfitta generale (che sembra consolidarsi), anche se non veramente certa sul piano strategico, a scapito della cosiddetta attuale sinistra mondiale. Ora anche a favore della polverizzazione dell\u2019identit\u00e0 civile fino all\u2019individualizzazione dissennata e conforme al massimo abbastanza illusoriamente consumista, a causa della pervicace denatalit\u00e0 da pi\u00f9 di mezzo secolo!<br \/>\nE in sovrappi\u00f9 irreligiosa, in quanto le sue posizioni demagogiche aperte ai cattolici sembrano molto pi\u00f9 elettoralistiche che veramente liberali e fondate. Oppure esse sono prodotte dall\u2019iniziativa personale, da singoli cattolici, ora contraddittoriamente militanti con l\u2019ignobile movimento eterodosso aderente alla diaspora dei voti cristiani nei partiti anche lontani e inconsapevolmente all\u2019opposizione della <em>DSC<\/em> (<em>Dottrina Sociale della Chiesa<\/em>). Del resto, con una concezione della cattolicit\u00e0 che essa stessa, con i vertici dal Papa fino ai vescovi associati nell\u2019alto clero, milita contro la Tradizione magisteriale. Come pretendere, allora, coerenza e rigore teologico almeno logiche e razionali?<\/p>\n<p><strong>La parola \u201cglocalismo\u201d, fusione di due parole: \u201c<em>glo<\/em>balismo\u201d e \u201clo<em>calismo<\/em>\u201d, potrebbe essere il concetto chiarificatore della falsa e comunque gnostica diatriba, molto inutilmente riducibile<br \/>\n<\/strong>Eppure basterebbe un minimo di coscienza (e forse anche di conoscenza!) storica relazionata, rispetto alla grandiosa e sterminata dottrina cattolica e del<em> Compendio<\/em>, nell\u2019insegnamento sociale e salvifico da parte della Chiesa, per dirimere questi pur semplici problemi che la storia, la politica e pure il buon senso hanno risolto da sempre! Da cui \u00e8 possibile trarre la sconsolata considerazione secondo cui \u201c<em>il fumo di Satana<\/em>\u201d evocato da san Paolo VI, gi\u00e0 da quasi mezzo secolo, \u201c<em>\u00e8 penetrato anche nella Chiesa<\/em>\u201d. Cos\u2019\u00e8 in realt\u00e0 questo fumo? La pazzia, la stessa del mondo causata dal tentativo di sostituire Cristo Re dell\u2019universo con l\u2019uomo fragilissimo e narcisissimo. Malgrado i suoi progressi tecnici che potrebbero tragicamente anche strangolarlo, come sta succedendo soprattutto sul piano bioetico. L\u2019uomo modernista \u00e8 in realt\u00e0 vittima di s\u00e9 stesso, in quanto creatura. Non certamente come creatore, se non in modo cooperativo, religiosamente associato e collaborativo alla creazione divina che continua sempre. I cattolici, oltre ad una esperienza plurimillenaria, dispongono anche di una parola moderna prettamante cattolica che \u00e8 gi\u00e0 stata coniata dai californiani all\u2019inizio degli anni \u201990: \u201cglocalismo\u201d, come contrazione delle due parole chiave tanto emblematiche della nostra epoca, globalismo e localismo. Ma anche e soprattutto unite dal medesimo senso escatologico ed evangelico per cui il concetto di universale e locale \u00e8 riunito per sempre dalla stessa parola \u201ccattolicit\u00e0\u201d. La loro opposizione non solo \u00e8 falsa in s\u00e9 ma costituisce l\u2019ulteriore ed ultimo tentativo di attaccare ancora una volta la parola tanto odiata \u201ccristianesimo\u201d: privo di aggettivi riduttivi e deturpanti, come \u201cprotestante\u201d o \u201canglicano\u201d.<br \/>\nChe occasione! Servita anche su una vassoio, dalla ingenua e alquanto cieca \u201cintelligenza\u201d del Paese pi\u00f9 <em>naif<\/em>, in realt\u00e0, pi\u00f9 secolarizzato americano nella scienza: la California. Dove la scienza, ovvero l\u2019attuale tecnoscienza diventata sedicente autonoma e narcisista per l\u2019uomo, \u00e8 pervenuta allo scientismo! Che costituisce il substrato dell\u2019attuale e globale \u201c<em>religiost\u00e0 irreligiosa\u201d <\/em>della nostra era. La gnosi non poteva non inventare queste parola, \u201cglocalismo\u201d, e l\u2019ha fatto.<br \/>\nPerch\u00e9 allora non adottarla d\u2019attacco, per semplicemente spazzare via ogni contrapposizione (fittizia!) tra l\u2019essere inevitabilmente locale e il vocazionalmente mondiale, anzi universale come il cristianesimo cattolico predica e crea continuamente in eterno da millenni? La sua stessa concezione neologica \u00e8 stata possibile grazie all\u2019insuperabile annuncio cattolico.<\/p>\n<p><strong>L\u2019\u201dOpzione Benedetto\u201d costituisce sempre la proposta strategica, allo stesso tempo, religiosa e fattuale della nostra era: la riproposta moderna del monachesimo con la sua vera civilt\u00e0 cristiana<br \/>\n<\/strong>Dopo il grande successo mondiale, all\u2019uscita del libro di Rod Dreher nel 2018, col sottotitolo \u201c<em>Una strategia per i cristiani in un mondo post-cristiano<\/em>\u201d di appena un anno fa, gi\u00e0 se ne parla molto meno: la nostra cultura cattolica, anche impegnata (eroica), \u00e8 vorace e consumista!<br \/>\nL\u2019\u201dOpzione Benedetto\u201d rimane pur sempre la strategia dell\u2019attuale cattolicesimo nella sua vocazione missionaria in tutto il mondo, con le sue comunit\u00e0 ecclesiali polarizzate intorno ai conventi monacali e fraternit\u00e0 raccolte sull\u2019impossibilit\u00e0 eresiaca dell\u2019Eucaristia!<br \/>\nTanto pi\u00f9 che il suo vantaggio realistico consiste nel fatto che si tratta di una proposta gi\u00e0 da molti anni spontaneamente in atto. Con i diversi carismi specifici gi\u00e0 esistenti, cattolici senza aggettivi, e non in competizione concorrenziale fra loro. Altro che il difetto esiziale fatalmente ereditato dal mondo nichilista, privo perdipi\u00f9 di ogni strategia se non quello inconsapevole massonico.<br \/>\nIl movimento \u00e8 gi\u00e0 glocalizzato per definizione: dagli Stati Uniti e al continente americano settentrionale, all\u2019Africa come in America latina, fino a molte comunit\u00e0 in Asia e in Australia.<br \/>\nIl progetto non pu\u00f2 che essere all\u2019insegna di quello di san Benedetto da Norcia, che ha ingenerato il pi\u00f9 grande movimento cristiano, e non solo, della Storia. E ha completamente modellato, intorno ai diversamente ordinati monaci, monache e preti nei vari carismi, tutta la civilt\u00e0 almeno occidentale. Compresa quella tecnologica e generalmente economica dell\u2019epoca (del Medio Evo con tutte le premesse per il Rinascimento). Un\u2019opera grandiosa. Scaturita dalla magnitudine incommensurabile del cattolicesimo. E dalla vitalit\u00e0 spontanea delle comunit\u00e0 cristocentriche intorno alle innumerevoli Eucarestie Adorate in tutto il mondo (una per ogni chiesa!). Anche ortodosse!<br \/>\nQuesto progetto anche politico e sociale non pu\u00f2 che sorgere e svilupparsi, secondo i piani di Dio, a partire dalla pratica della priorit\u00e0 ecclesiale e monastica del suo Mistero pi\u00f9 centrale e divino: assolutamente non rendibile eretico. Abbeverato alla vera unit\u00e0 della Chiesa, anche autenticamente ecumenica. Ed in modo pure mondializzato, secondo l\u2019orizzonte corrispodente a quello totale europeo dell\u2019epoca di san Benedetto, a partire dal cuore apparentemente sperduto dell\u2019Italia centrale.<br \/>\nOggi, emblematicamente, l\u2019antico monastero terremotato di Norcia \u00e8 popolato da una dozzina di giovani monaci statunitensi ritornati alla regola iniziale di millecinquecento anni fa, passato alla Storia, detta dell\u2019\u201d<em>Ora et labora<\/em>\u201d. Descritta pure nel libro dell\u2019\u201dOpzione\u201d di Dreher.<br \/>\nCome molti altri conventi preganti, a volte pure in clausura. Nel silenzio religioso al riparo anche del modernismo invadente e diabolicamente indotto.<\/p>\n","protected":false},"excerpt":{"rendered":"<p>Oggi l\u2019europeismo dell\u2019UE (da non confondere con l\u2019Europa dei popoli) coincide nella posizione politica del mondialismo anticattolico e post-religioso: sempre gnostica e piuttosto massonica La societ\u00e0 laica moderna \u00e8 tutt\u2019altra cosa del laicismo dominante nell\u2019universo politico oggi mondialista e europeista. Quando Ges\u00f9 aveva formulato, per primo nella storia, l\u2019idea di societ\u00e0 laica riportata nel Vangelo [&hellip;]<\/p>\n","protected":false},"author":5,"featured_media":0,"comment_status":"open","ping_status":"closed","sticky":false,"template":"","format":"standard","meta":{"footnotes":""},"categories":[1],"tags":[],"class_list":["post-3885","post","type-post","status-publish","format-standard","hentry","category-francamente2"],"post_mailing_queue_ids":[],"_links":{"self":[{"href":"https:\/\/www.francamente2.com\/index.php?rest_route=\/wp\/v2\/posts\/3885","targetHints":{"allow":["GET"]}}],"collection":[{"href":"https:\/\/www.francamente2.com\/index.php?rest_route=\/wp\/v2\/posts"}],"about":[{"href":"https:\/\/www.francamente2.com\/index.php?rest_route=\/wp\/v2\/types\/post"}],"author":[{"embeddable":true,"href":"https:\/\/www.francamente2.com\/index.php?rest_route=\/wp\/v2\/users\/5"}],"replies":[{"embeddable":true,"href":"https:\/\/www.francamente2.com\/index.php?rest_route=%2Fwp%2Fv2%2Fcomments&post=3885"}],"version-history":[{"count":2,"href":"https:\/\/www.francamente2.com\/index.php?rest_route=\/wp\/v2\/posts\/3885\/revisions"}],"predecessor-version":[{"id":3887,"href":"https:\/\/www.francamente2.com\/index.php?rest_route=\/wp\/v2\/posts\/3885\/revisions\/3887"}],"wp:attachment":[{"href":"https:\/\/www.francamente2.com\/index.php?rest_route=%2Fwp%2Fv2%2Fmedia&parent=3885"}],"wp:term":[{"taxonomy":"category","embeddable":true,"href":"https:\/\/www.francamente2.com\/index.php?rest_route=%2Fwp%2Fv2%2Fcategories&post=3885"},{"taxonomy":"post_tag","embeddable":true,"href":"https:\/\/www.francamente2.com\/index.php?rest_route=%2Fwp%2Fv2%2Ftags&post=3885"}],"curies":[{"name":"wp","href":"https:\/\/api.w.org\/{rel}","templated":true}]}}