{"id":2169,"date":"2016-06-11T13:29:13","date_gmt":"2016-06-11T12:29:13","guid":{"rendered":"http:\/\/www.francamente2.com\/?p=2169"},"modified":"2016-06-11T13:53:14","modified_gmt":"2016-06-11T12:53:14","slug":"les-etatistes-des-pays-europeens-ne-disposent-toujours-pas-dune-analyse-precise-et-complete-des-causes-de-la-colossale-crise-economique-de-celles-ci-on-a-deja-clairement-identifie-la-verita","status":"publish","type":"post","link":"https:\/\/www.francamente2.com\/?p=2169","title":{"rendered":"Les \u00e9tatistes des pays europ\u00e9ens ne disposent toujours pas d\u2019une analyse pr\u00e9cise et compl\u00e8te des causes de la colossale crise \u00e9conomique. De celles-ci, on a d\u00e9j\u00e0 clairement identifi\u00e9 la v\u00e9ritable origine depuis au moins une dizaine d\u2019ann\u00e9es. Actuellement, elles ont \u00e9t\u00e9 d\u00e9couvertes \u00e9galement par des ex-malthusiens anglophones. Ainsi en Europe, les fausses solutions d\u00e9sastreuses sont encore d\u2019actualit\u00e9."},"content":{"rendered":"<p><strong>La France et la Belgique sont en proie de luttes sociales m\u00eame violentes avec gr\u00e8ves multiples et manifestations nullement pacifiques dans les rues\u00a0: les perspectives sont tr\u00e8s pessimistes, malgr\u00e9 la <\/strong>pause ludique et sportive de cette \u00e9t\u00e9. Les syndicats, non seulement francophones et de tout pays du Vieux Continent, sont d\u00e9cid\u00e9s \u00e0 poursuivre ou \u00e0 entamer des agitations avec des mobilisations g\u00e9n\u00e9rales tr\u00e8s radicales, dans tous les secteurs. Les situations \u00e9conomiques et culturelles des pays europ\u00e9ens, bien que quelque peu diverses ou parfois aussi \u00e9conomiquement tr\u00e8s diff\u00e9rentes, sont d\u2019une gravit\u00e9 sans pr\u00e9c\u00e9dentes dans les derniers d\u00e9cennies. \u00ab<em>\u00a0Nous en sommes aux gouffres \u00e9conomico-financiers, nous sommes en train d\u2019aller \u00e0 grande vitesse vers l\u2019ab\u00eeme et personne ne fait rien. Nous pr\u00e9parons le plus grand d\u00e9sastre \u00e9conomique et social de l\u2019histoire moderne, m\u00eame sup\u00e9rieur \u00e0 celui de la Grande D\u00e9pression\u2026\u00a0<\/em>\u00bb. Qui a fait ces d\u00e9clarations\u00a0? S\u2019agit-il d\u2019un habituel catastrophiste dit <em>populiste<\/em> qui r\u00e9guli\u00e8rement lance ce type d\u2019annonces d\u00e9nomm\u00e9es alarmistes (souvent tr\u00e8s justifi\u00e9s)\u00a0? Pas du tout. Il s\u2019agit d\u2019un simple et banal \u00e9conomiste \u00e9tatiste bien connu, et toujours curieusement tr\u00e8s estim\u00e9, Giovanni Passali, qui commence \u00e0 ouvrir son premier \u0153il et qui a publi\u00e9 ces propos sur un quotidien en ligne catholique, <em>Il Sussidiario<\/em>, le 29 mai \u00e0 Milan.<\/p>\n<p><strong>J\u2019ai d\u00e9j\u00e0 parl\u00e9, avec l\u2019\u00e0 peine n\u00e9cessaire m\u00e9pris culturel (non personnel), de ce collectiviste et tr\u00e8s conformiste n\u00e9o-keyn\u00e9sien, mais en plein anachronisme, dans ma <em>Lettre ouverte \u00e0<\/em> <em>Communion et Lib\u00e9ration<\/em> du 12 septembre 2015 <\/strong>en italien, au chapitre\u00a08 de mon Blog \u00a0<a href=\"http:\/\/www.francamente2.com\/it\/2015\/09\/lettera-aperta-a-comunione-e-liberazione-una-critica-radicale-quindi-amorosa-ai-movimenti-cattolici-intimisti-psicologisti-e-spiritualisti-soprattutto-al-movimento-cui-appartengo-comunion-2\/\">http:\/\/www.francamente2.com\/it\/2015\/09\/lettera-aperta-a-comunione-e-liberazione-una-critica-radicale-quindi-amorosa-ai-movimenti-cattolici-intimisti-psicologisti-e-spiritualisti-soprattutto-al-movimento-cui-appartengo-comunion-2\/<\/a>.<br \/>\nC\u2019est-il repenti de ses id\u00e9es d\u00e9vastatrices autour du moins en moins <em>eternel<\/em> <em>\u00c9tat\u00a0providence<\/em> ? On en est tr\u00e8s loin\u00a0! La lecture de son article n\u2019am\u00e8ne qu\u2019\u00e0 la seule pseudo-solution tardive, tr\u00e8s et trop tardive outre que d\u00e9sormais impraticable et encore dommageable, de la mythique <em>sortie de l\u2019euro<\/em>. Pourquoi faire\u00a0? \u00c9videmment pour pratiquer \u2013 selon le credo \u00e9tatiste \u2013 les souvent cyniquement avanc\u00e9es d\u00e9valuations, pour produire de la fausse comp\u00e9titivit\u00e9 internationale tactique et de l\u2019inflation \u00e0 deux chiffres afin de r\u00e9duire frauduleusement la dette publique\u00a0: la \u00ab\u00a0seule et unique\u00a0m\u00e9thode\u00a0\u00bb dont parlent derni\u00e8rement les innombrables pseudo-v\u00e9ritables \u00e9conomistes (tr\u00e8s politiciens falsificateurs par exc\u00e8s de connaissance indiff\u00e9renci\u00e9e\u00a0!), pour r\u00e9duire, avec des supercheries strat\u00e9giques au frais du peuple, l\u2019endettement stratosph\u00e9rique des \u00c9tats. Ils sont tr\u00e8s conscients et savent que la dette publique n\u2019a \u00e9t\u00e9 et ne sera\u00a0 \u2013 ne pourra \u00eatre \u2013 jamais rembours\u00e9e. Elle continuera \u00e0 \u00eatre pay\u00e9e, vraisemblablement dans les faits, par les g\u00e9n\u00e9rations actuelles (via l\u2019\u00e9pouvantable d\u00e9pression) et, surtout, par les futures (comme vol cynique et gigantesque aussi antid\u00e9mocratique). Sauf, il va de soi, payer cash par tout le monde (actuellement et dans le futur), chaque ann\u00e9e via la taxation folle de l\u2019\u00e9tatisme, des incroyables int\u00e9r\u00eats oc\u00e9aniques. Dont personne\u2026 parle\u00a0!<\/p>\n<p><strong>Aucune analyse nouvelle appara\u00eet sur les causes de cette crise historique. M\u00eame la raison de l\u2019adh\u00e9sion \u00e0 l\u2019euro est falsifi\u00e9e\u00a0: on ne parle que tr\u00e8s rarement de l\u2019\u00e9change largement d\u00e9favorable <\/strong>entre les deux monnaies\u00a0: la fraude de la nouvelle su l\u2019ancienne a \u00e9t\u00e9 d\u2019environs de la moiti\u00e9 \u00e0 l\u2019avantage de certains pays plus forts. De cette fa\u00e7on\u00a0: la d\u00e9natalit\u00e9 r\u00e9duit de presque la moiti\u00e9 de la demande interne des pays occidentaux ; le licenciement m\u00eame pas \u00e0 l\u2019ordre du jour de plusieurs millions de fonctionnaires exc\u00e9dentaires en Europe (pas moins de 5-6 millions, objectivement parasites depuis plusieurs d\u00e9cennies)\u00a0; la volont\u00e9 d\u2019un h\u00e9donisme clochard majoritairement diffus\u00e9 largement au dessus, naturellement, des propres moyens disponibles (!)\u00a0; la g\u00e9n\u00e9ralisation de tout d\u00e9sir, m\u00eame les moindres et les plus rares, en \u00ab\u00a0droits sociaux \u00e0 l\u00e9gif\u00e9rer tout de suite\u00a0\u00bb\u00a0; et la d\u00e9termination la\u00efciste \u00e0 tout s\u00e9culariser d\u2019une mani\u00e8re aussi amorale, inhumaine et compl\u00e8tement irr\u00e9ligieuse pour d\u00e9sarticuler la famille et les Personnes (le <em>moi faible<\/em> du m\u00e9tropolitain postmoderne)\u00a0: touts ces instances sont toujours consid\u00e9r\u00e9es des tabous ou bien syst\u00e9matiquement r\u00e9alis\u00e9e d\u2019office par tout \u00e9tatiste. Et ceci m\u00eame \u00e0 l\u2019enseigne de l\u2019\u00e9clatante stupidit\u00e9 s\u00e9culaire et coupable \u00e9voqu\u00e9e dans le premier de ces cinq points\u00a0: la d\u00e9natalit\u00e9. Les malthusiens, actuellement tr\u00e8s majoritaires au monde, d\u00e9claraient d\u2019une fa\u00e7on non rationnelle\u00a0(!) que la Terre ne pouvait nourrir m\u00eame pas la population de la fin du dix-huiti\u00e8me si\u00e8cle. Alors qu\u2019elle n\u2019\u00e9tait que le cinqui\u00e8me de l\u2019actuelle. Et qu\u2019en 2015, la production totale de nourriture a \u00e9t\u00e9 plus que double de la n\u00e9cessaire (malheureusement mal distribu\u00e9e\u2026).<\/p>\n<p><strong>Qu\u2019est qui am\u00e8ne donc les syndicats \u00e0 d\u00e9chainer \u00e0 pr\u00e9sent une vague de luttes sociales si d\u00e9plac\u00e9es et antagonistes avec la situation culturelle et \u00e9conomique clairement et relativement catastrophique <\/strong>depuis des d\u00e9cennies\u00a0? \u00c0 vrai dire rien. Rien de nouveau par rapport au demi si\u00e8cle pass\u00e9 tr\u00e8s \u00e9tatiste qui a pouss\u00e9 l\u2019Europe non seulement jusqu\u2019au bord mais \u00e0 l\u2019int\u00e9rieur du gouffre. La politique maximaliste du corporatisme le plus extr\u00e9miste, qui a amen\u00e9 beaucoup de pays d\u2019Europe \u00e0 faire m\u00eame endetter monstrueusement ses \u00c9tats jusqu\u2019au point de non retour, de non-remboursabilit\u00e9 permanente, est toujours et \u00e0 pr\u00e9sent la m\u00eame. Pour satisfaire un ex-classe ouvri\u00e8re et une classe g\u00e9n\u00e9rale de travailleurs subordonn\u00e9s devenues un agglom\u00e9ration infernale petite-bourgeoise exigeant des revendications infinies, leurs organisations syndicales et politiques continuent dans leurs luttes dans un climat de chantage social permanent. Ces nouveaux travailleurs ont g\u00e9n\u00e9r\u00e9s une incroyable moyenne europ\u00e9enne de pensionn\u00e9s, y compris les pr\u00e9pensionn\u00e9s, de 56 ans et quelques mois (!), afin d\u2019assouvir tous les d\u00e9sirs d\u2019un peuple continental majoritairement et progressivement plut\u00f4t feignant, d\u00e9prav\u00e9 et g\u00e9n\u00e9rationnellement irresponsable. On peut pr\u00e9voir \u00e9galement une future discussion autour de la diatribe ambivalente sur la possibilit\u00e9 si ont \u00e9t\u00e9 les masses dites populaires \u00e0 avoir induit leurs organisations politiques, syndicales et culturelles \u00e0 la d\u00e9bauche \u00e9conomique ou, tout simplement, le processus contraire. Il est en tout cas \u00e0 constater que les politiciens, dans la tentative de \u00ab\u00a0compenser\u00a0\u00bb les in\u00e9vitables restrictions \u00e9conomiques (par ailleurs tr\u00e8s lentement), doivent introduire des faux avantages pr\u00e9sent\u00e9s et cr\u00e9dit\u00e9s comme populaires dans un feux d\u2019artifices de falsifications d\u00e9magogiques\u2026 Le syndicats, dans leur historique d\u00e9clin bureaucratis\u00e9, ont prioritairement tendance \u00e0 s\u2019installer toujours plus dans les structures \u00e9tatistes et \u00e0 essayer de relancer les luttes, m\u00eames lobotomis\u00e9es, des travailleurs.<\/p>\n<p><strong>La r\u00e9alit\u00e9 est, tout de m\u00eame, que chaque organisme repr\u00e9sentatif \u2013 m\u00eame les moindres et ind\u00e9pendamment de leur philosophie \u2013 se trouve face au choix de devoir se positionner<\/strong> <strong>pour ou <\/strong>contre, avec toutes ses implications culturelles, l\u2019\u00e9tatisme\u00a0: le cancer le plus grave et presqu\u2019incurable de notre temps. Il est fondamentalement irr\u00e9ligieux. La nature n\u2019admet pas de vides\u00a0: le refus de Dieu est remplac\u00e9 par l\u2019idole de l\u2019\u00c9tat absolu. M\u00eame les organisations religieuses qui mettent en place l\u2019exp\u00e9dient classique du spiritualisme intimiste doivent r\u00e9pondre th\u00e9ologiquement et au fait de l\u2019habituelle objection gigantesque et christocentrique pour laquelle la Trinit\u00e9 elle-m\u00eame ha d\u00e9cid\u00e9 son Incarnation dans la vie e dans l\u2019histoire\u00a0: la m\u00e9thode de Dieu qui s\u2019est fait homme globalement et totalement. Cet \u00e9v\u00e9nement, ce supr\u00eame \u00e9v\u00e9nement, emp\u00eache, en v\u00e9rit\u00e9, de trouver des \u00e9chappatoires pseudo-verticales psychologistes et privatistes. Elles sont fatalement autola\u00efcistes et prot\u00e9g\u00e9es illusoirement sous le parapluie de l\u2019\u00e9tatisme non-dit mais r\u00e9el, \u00ab\u00a0invisible\u00a0\u00bb mais per\u00e7u tr\u00e8s concret, qui assumerait en les d\u00e9partageant (fictivement) les responsabilit\u00e9s d\u00e9nomm\u00e9es \u00e0 l\u2019occasion publiques. L\u2019\u00c9tat le fait mais au prix de devenir \u00e9tatiste \u2013 \u00e0 son avantage et contre l\u2019humanit\u00e9 \u2013, c\u2019est-\u00e0-dire dominant avec son emprise sur la Personne et son intrins\u00e8que libert\u00e9. Toute la crise anthropologique, culturelle, \u00e9conomique et, surtout, religieuse d\u00e9j\u00e0 accomplie dans notre \u00e8re d\u00e9pend de cette tragique inversion.<\/p>\n","protected":false},"excerpt":{"rendered":"<p>La France et la Belgique sont en proie de luttes sociales m\u00eame violentes avec gr\u00e8ves multiples et manifestations nullement pacifiques dans les rues\u00a0: les perspectives sont tr\u00e8s pessimistes, malgr\u00e9 la pause ludique et sportive de cette \u00e9t\u00e9. Les syndicats, non seulement francophones et de tout pays du Vieux Continent, sont d\u00e9cid\u00e9s \u00e0 poursuivre ou \u00e0 [&hellip;]<\/p>\n","protected":false},"author":5,"featured_media":0,"comment_status":"open","ping_status":"closed","sticky":false,"template":"","format":"standard","meta":{"footnotes":""},"categories":[1],"tags":[],"class_list":["post-2169","post","type-post","status-publish","format-standard","hentry","category-francamente2"],"post_mailing_queue_ids":[],"_links":{"self":[{"href":"https:\/\/www.francamente2.com\/index.php?rest_route=\/wp\/v2\/posts\/2169","targetHints":{"allow":["GET"]}}],"collection":[{"href":"https:\/\/www.francamente2.com\/index.php?rest_route=\/wp\/v2\/posts"}],"about":[{"href":"https:\/\/www.francamente2.com\/index.php?rest_route=\/wp\/v2\/types\/post"}],"author":[{"embeddable":true,"href":"https:\/\/www.francamente2.com\/index.php?rest_route=\/wp\/v2\/users\/5"}],"replies":[{"embeddable":true,"href":"https:\/\/www.francamente2.com\/index.php?rest_route=%2Fwp%2Fv2%2Fcomments&post=2169"}],"version-history":[{"count":1,"href":"https:\/\/www.francamente2.com\/index.php?rest_route=\/wp\/v2\/posts\/2169\/revisions"}],"predecessor-version":[{"id":2170,"href":"https:\/\/www.francamente2.com\/index.php?rest_route=\/wp\/v2\/posts\/2169\/revisions\/2170"}],"wp:attachment":[{"href":"https:\/\/www.francamente2.com\/index.php?rest_route=%2Fwp%2Fv2%2Fmedia&parent=2169"}],"wp:term":[{"taxonomy":"category","embeddable":true,"href":"https:\/\/www.francamente2.com\/index.php?rest_route=%2Fwp%2Fv2%2Fcategories&post=2169"},{"taxonomy":"post_tag","embeddable":true,"href":"https:\/\/www.francamente2.com\/index.php?rest_route=%2Fwp%2Fv2%2Ftags&post=2169"}],"curies":[{"name":"wp","href":"https:\/\/api.w.org\/{rel}","templated":true}]}}