{"id":594,"date":"2014-11-05T14:51:18","date_gmt":"2014-11-05T13:51:18","guid":{"rendered":"http:\/\/www.francamente2.com\/?p=594"},"modified":"2014-11-05T14:51:18","modified_gmt":"2014-11-05T13:51:18","slug":"la-loi-de-lasymetrie-pourquoi-tout-le-monde-se-plaint-des-taxes-et-personne-demande-la-diminution-des-frais-publiques-qui-en-sont-la-cause","status":"publish","type":"post","link":"http:\/\/www.francamente2.com\/?p=594","title":{"rendered":"La loi de l\u2019asym\u00e9trie : pourquoi tout le monde se plaint des taxes et personne demande la diminution des frais publiques qui en sont la cause ?"},"content":{"rendered":"<p>Le cancer de notre \u00e9poque est l\u2019\u00e9tatisme. La supr\u00e9matie de l\u2019\u00c9tat sur la personne, \u00e0 laquelle on devrait toujours \u00eatre compl\u00e8tement et directement au service, constitue la m\u00e8re de toutes les perversions de nos soci\u00e9t\u00e9s surtout occidentales. L\u2019origine m\u00eame de la crise \u00e9conomique qui est en train de d\u00e9vaster notre monde est l\u2019\u00e9tatisme.<br \/>\nEn effet, aussi la cause apparemment la plus lointaine de la colossale d\u00e9pression de notre univers anthropologique, comme la d\u00e9natalit\u00e9, est \u00e9galement provoqu\u00e9e par l\u2019\u00e9tatisme\u00a0: la priorit\u00e9 aux valeurs rationalistiques (non ceux rationnels) soi-disant fonctionnels \u00e0 l\u2019\u00c9tat totalitaire am\u00e8ne \u00e0 l\u2019h\u00e9donisme (clochard) dont il est aussi bien la cause que l\u2019effet.<br \/>\nAfin d\u2019assouvir tous les d\u00e9sirs des hommes, tous les suppos\u00e9s droits de chaque cat\u00e9gorie, l\u2019<em>\u00c9tat providence<\/em> tout puissant ne peut que grossir ult\u00e9rieurement, lever de plus en plus de taxes, s\u2019endetter monstrueusement et augmenter encore le niveau de taxation. Logique et cons\u00e9quent.<\/p>\n<p>\u00a0L\u2019id\u00e9e de la personne humaine, de sa libert\u00e9 supr\u00eame et de sa globale transcendance vocationnelle est compl\u00e8tement \u00e9cras\u00e9e par l\u2019in\u00e9vitable dictature de l\u2019\u00c9tat \u00e9tatiste voulant fatalement remplacer illusoirement Dieu. Ainsi, les hommes deviennent irresponsables et continuent \u00e0 pr\u00e9tendre tout et n\u2019importe quoi \u2013 surtout tout de suite\u00a0! \u2013 de la part de leur idole \u00e9tatique.<br \/>\nL\u2019\u00c9tat ne peut qu\u2019augmenter les taxes \u2013je me r\u00e9p\u00e8te\u00a0! \u2013 pour faire face \u00e0 cette requ\u00eate intrins\u00e8quement infinie.<\/p>\n<p>\u00a0Mais, fatalement, une soci\u00e9t\u00e9 \u00e9tatiste fond\u00e9e sur le <em>welfare<\/em>, sur la poursuite \u00e0 gogo m\u00eame de l\u2019incroyable bonheur individuel (on finit pour demander tout \u00e0 l\u2019\u00c9tat), finit in\u00e9vitablement pour rendre fous et malheureux ses citoyens \u00e9cras\u00e9s incompr\u00e9hensiblement par l\u2019absolutisme des taxes et ses contraintes fatalement arbitraires. D\u2019o\u00f9 la plainte permanente des populations pour les charges de contributions suffocantes. Or presque tous les m\u00e9dias se font le porte-parole de cette gigantesque lamentation du peuple abruti, in\u00e9vitablement abruti, car il voudrait avoir \u2013 comme toujours \u2013 \u00ab\u00a0le beurre et l\u2019argent du beurre\u00a0\u00bb\u00a0: des taxes minimales, comme il serait juste qu\u2019elles soient, et les infinis avantages sociaux, tous obtenus par cet \u00c9tat corrupteur.<br \/>\n\u00c9videmment, tout cela est impossible, il suffit employer une petite calculette pour le v\u00e9rifier.<\/p>\n<p>Comment est-il possible que cela soit toujours d\u2019actualit\u00e9 encore aujourd\u2019hui, tout de m\u00eame et quotidiennement, dans nos pays europ\u00e9ens\u00a0?<br \/>\n\u00c0 cause de la \u00ab\u00a0<em>loi d\u2019asym\u00e9trie<\/em>\u00a0\u00bb, celle pour laquelle Ronald Reagan \u00e9tait devenu fameux et r\u00e9\u00e9lu \u00e0 plusieurs reprises, de la Californie \u00e0 pr\u00e9sident des \u00c9tats-Unis (suivi par la grande Margaret Thatcher, mais en Europe, seulement en Grande Bretagne et \u00e9galement par le socialiste Tony Blair).<br \/>\nDe quoi parlait-elle cette loi\u00a0? Tr\u00e8s simplement du fait ignoble suivant lequel chaque citoyen est habituellement et diaboliquement dispos\u00e9 \u00e0 soutenir l\u2019\u00e9tatisme, m\u00eame si consid\u00e9r\u00e9 absurde et malhonn\u00eate, en contrepartie des avantages <em>asym\u00e9triquement <\/em>personnels que cette politique sc\u00e9l\u00e9rate peut apporter en g\u00e9n\u00e9ral. Le pr\u00e9sident am\u00e9ricain, consid\u00e9r\u00e9 mentalement retard\u00e9 par la soi-disant intelligentsia europ\u00e9enne, l\u2019avait compris plus de trente-cinq ans plut\u00f4t. De m\u00eame il avait pr\u00e9vu l\u2019\u00e9croulement, avec au moins une dizaine d\u2019ann\u00e9es d\u2019avance, du Mur de Berlin, dans la globale faillite du communisme qui n\u2019avait pas surpris vraiment le pr\u00e9coce allemand Kohl. Il l\u2019avait aussi d\u00e9fini avec <em>prophetie \u00ab\u00a0l\u2019Empire du Mal\u00a0\u00bb\u2026<br \/>\n<\/em>Donc la farce en Europe ne peut que continuer, avec l\u2019aggravante toujours monstrueuse d\u2019une bureaucratisation non biod\u00e9gradable de toutes les soci\u00e9t\u00e9s. Ainsi, le pouvoir politique et administratif qui devrait rigoureusement \u00eatre soumis \u00e0 la personne et \u00e0 ses valeurs \u2013 je me r\u00e9p\u00e8te toujours \u2013 devient totalement parasitaire de la soci\u00e9t\u00e9 civile des march\u00e9s.<br \/>\nInutile donc de ne s\u2019en prendre qu\u2019aux politiciens et qu\u2019aux syndicats\u00a0: c\u2019est le peuple lui-m\u00eame qui doit se soigner. Les politiciens et les syndicats sont \u00e9lus et cotis\u00e9s par les m\u00eames populations.<\/p>\n","protected":false},"excerpt":{"rendered":"<p>Le cancer de notre \u00e9poque est l\u2019\u00e9tatisme. La supr\u00e9matie de l\u2019\u00c9tat sur la personne, \u00e0 laquelle on devrait toujours \u00eatre compl\u00e8tement et directement au service, constitue la m\u00e8re de toutes les perversions de nos soci\u00e9t\u00e9s surtout occidentales. L\u2019origine m\u00eame de la crise \u00e9conomique qui est en train de d\u00e9vaster notre monde est l\u2019\u00e9tatisme. En effet, [&hellip;]<\/p>\n","protected":false},"author":5,"featured_media":0,"comment_status":"open","ping_status":"closed","sticky":false,"template":"","format":"standard","meta":{"footnotes":""},"categories":[1],"tags":[],"class_list":["post-594","post","type-post","status-publish","format-standard","hentry","category-francamente2"],"post_mailing_queue_ids":[],"_links":{"self":[{"href":"http:\/\/www.francamente2.com\/index.php?rest_route=\/wp\/v2\/posts\/594","targetHints":{"allow":["GET"]}}],"collection":[{"href":"http:\/\/www.francamente2.com\/index.php?rest_route=\/wp\/v2\/posts"}],"about":[{"href":"http:\/\/www.francamente2.com\/index.php?rest_route=\/wp\/v2\/types\/post"}],"author":[{"embeddable":true,"href":"http:\/\/www.francamente2.com\/index.php?rest_route=\/wp\/v2\/users\/5"}],"replies":[{"embeddable":true,"href":"http:\/\/www.francamente2.com\/index.php?rest_route=%2Fwp%2Fv2%2Fcomments&post=594"}],"version-history":[{"count":1,"href":"http:\/\/www.francamente2.com\/index.php?rest_route=\/wp\/v2\/posts\/594\/revisions"}],"predecessor-version":[{"id":595,"href":"http:\/\/www.francamente2.com\/index.php?rest_route=\/wp\/v2\/posts\/594\/revisions\/595"}],"wp:attachment":[{"href":"http:\/\/www.francamente2.com\/index.php?rest_route=%2Fwp%2Fv2%2Fmedia&parent=594"}],"wp:term":[{"taxonomy":"category","embeddable":true,"href":"http:\/\/www.francamente2.com\/index.php?rest_route=%2Fwp%2Fv2%2Fcategories&post=594"},{"taxonomy":"post_tag","embeddable":true,"href":"http:\/\/www.francamente2.com\/index.php?rest_route=%2Fwp%2Fv2%2Ftags&post=594"}],"curies":[{"name":"wp","href":"https:\/\/api.w.org\/{rel}","templated":true}]}}