{"id":3945,"date":"2019-09-03T17:06:15","date_gmt":"2019-09-03T16:06:15","guid":{"rendered":"http:\/\/www.francamente2.com\/?p=3945"},"modified":"2019-09-03T17:09:49","modified_gmt":"2019-09-03T16:09:49","slug":"en-realite-meme-les-catholiques-les-plus-fideles-et-prestigieux-profondement-antimodernistes-par-rapport-a-lactuel-pontificat-aussi-protestantisant-risquent-de-croire-tout-de-meme-tres-peu","status":"publish","type":"post","link":"http:\/\/www.francamente2.com\/?p=3945","title":{"rendered":"En r\u00e9alit\u00e9 m\u00eame les catholiques les plus fid\u00e8les et prestigieux, profond\u00e9ment antimodernistes par rapport \u00e0 l\u2019actuel pontificat aussi protestantisant, risquent de croire tout de m\u00eame tr\u00e8s peu dans l\u2019\u00e9ternelle R\u00e9surrection de l\u2019\u00c9glise (pour le bien et le salut de l\u2019humanit\u00e9 et de son monde, auquel elle n\u2019appartiendra jamais). Surtout sur le plan politique de son et unique parti : con\u00e7u pour lutter irr\u00e9ductiblement contre le gnosticisme toujours damn\u00e9 et pour le bien commun"},"content":{"rendered":"<p><strong>On peut dire que toute l\u2019intellectualit\u00e9 Italienne du vingti\u00e8me si\u00e8cle, bien que tr\u00e8s talentueuse, n\u2019a fait qu\u2019avaler acritiquement et avec distraction sinon toujours complice, l\u2019horrible mythologie de la culture gnostiques et anticatholique\u00a0: des marxistes aux lib\u00e9raux, lib\u00e9ristes et libertins<br \/>\n<\/strong>Il a fallu la c\u00e9l\u00e9bration du 150<sup>e<\/sup> de l\u2019unit\u00e9 d\u2019Italie pour que de toutes premi\u00e8res critiques radicales puissent oser \u00e0 s\u2019exprimer vraiment contre la gigantesque mystification du \u00ab\u00a0<em>Risorgimento<\/em>\u00a0\u00bb italien (ses trois guerres d\u2019ind\u00e9pendance du dix-neuvi\u00e8me si\u00e8cle), de d\u00e9j\u00e0 maxime culture gnostique et franc-ma\u00e7onne. Laquelle pr\u00e9sente toujours Cavour, Garibaldi, Mazzini et le Royaume de la Savoie comme des grands protagonistes dans l\u2019h\u00e9ro\u00efsme politico-militaire, salvifique et absolu. Progressivement, aussi l\u2019univers catholique s\u2019est par apr\u00e8s presque totalement subordonn\u00e9 \u2013 tout de m\u00eame apr\u00e8s Pie IX \u2013 \u00e0 ce tsunami qui a tout d\u00e9vast\u00e9 en presque deux si\u00e8cles. Jusqu\u2019\u00e0 permettre la massification de l\u2019horreur de l\u2019actuelle <em>pens\u00e9e unique.<\/em> M\u00eame dans l\u2019assimilation aussi de la faillite, avou\u00e9e en 1989-90 et proclam\u00e9e universellement \u00e0 propos de l\u2019oc\u00e9anique et m\u00e9cr\u00e9ante utopie communiste. Non sans une g\u00e9n\u00e9rale surprise na\u00efve et tr\u00e8s pauvrement d\u00e9munie.<br \/>\nEn m\u00eame temps, au niveau de la population massifi\u00e9e italienne (mais \u00e9galement de celle europ\u00e9enne), on constate encore de nos jours un \u00e9quivalent \u00e9tat de compl\u00e8te falsification historique et g\u00e9n\u00e9ralis\u00e9e. Les cons\u00e9quences terrifiantes courent encore les rues de notre Vieux Continent, par le biais des pr\u00e9judices et poncifs toujours r\u00e9ciproques entre les diff\u00e9rentes nationalit\u00e9s. Le r\u00e9sultat le plus \u00e9vident est tout de m\u00eame une homologation continentale funeste o\u00f9 le nihilisme des \u00e9lites perverties et irr\u00e9ligieuses est de mise, \u00e0 partir au moins du si\u00e8cle dit des Lumi\u00e8res. Donc conflu\u00e9 aussi dans le <em>Risogimento<\/em> italien jusqu\u2019\u00e0 nos jours. Et dont l\u2019id\u00e9ologie est devenue \u00e0 pr\u00e9sent totalement majoritaire\u00a0: dans tout le si\u00e8cle dix-neuvi\u00e8me le droit au vote n\u2019\u00e9tait en Italie (mais aussi g\u00e9n\u00e9ralement en Europe) que 2-3% de la population. Ainsi, m\u00eame les jugements sur les quatre personnages cit\u00e9s ont \u00e9t\u00e9 grossi\u00e8rement manipul\u00e9s, tous d\u00e9riv\u00e9s de leur gnosticisme anticatholique\u00a0: au point que leurs innombrables et honteuses abominations ont \u00e9t\u00e9 \u00e0 nouveau escamot\u00e9es dans une tr\u00e8s fausse et m\u00eame odieuse c\u00e9l\u00e9bration. Aussi dans la d\u00e9nomination de la topographie des rues et des places bien \u00e0 eux d\u00e9di\u00e9s, tout au long des villes de la Botte du nord au sud\u2026 En r\u00e9alit\u00e9, le processus et les guerres de lib\u00e9ration contre la longue domination de l\u2019Empire austro-hongrois, ont vu la participation pratiquement de toute l\u2019Italie du centre-nord. Mais aussi par l\u2019\u00ab\u00a0Arm\u00e9e m\u00e9ridionale\u00a0\u00bb de volontaires recrut\u00e9s (50.000 unit\u00e9s\u00a0!), de la Sicile \u00e0 Naples, par le vainqueur Garibaldi. Surtout si on consid\u00e8re que, au-del\u00e0 de l\u2019indiscutable <em>bien politique<\/em> de l\u2019unification de l\u2019\u00c9tat national, les guerres d\u2019ind\u00e9pendance n\u2019ont \u00e9t\u00e9 que l\u2019\u0153uvre du saccage civil, du pillage \u00e9conomique et de la calomnie historique des \u00c9tats avec leur id\u00e9ologie bien \u00e9trang\u00e8re. Le tout aux d\u00e9pens de tr\u00e8s grandes cultures civilis\u00e9es du royaume bourbonien, au sud, et surtout du providentiel \u00c9tat pontifical, au centre de la P\u00e9ninsule\u00a0: notamment dans la <em>Rome la catholique<\/em>.<\/p>\n<p><strong>L\u2019issue du r\u00e9el et historique choc \u00e9tatiste, de la part des forces gnostiques et franc-ma\u00e7onnes, en opposition au catholicisme de la d\u00e9j\u00e0 construite civilisation occidentale et universelle\u2026<\/strong><br \/>\nNaturellement, il s\u2019agissait \u2013 sur le plan mat\u00e9riel \u2013 de la pr\u00e9dation en Italie de son grand et fameux artisanat et des entreprises florissantes (parmi les plus riches, \u00e0 l\u2019\u00e9poque, en Europe et depuis des si\u00e8cles). Pour ne pas parler en d\u00e9tail du vol, de la d\u00e9portation et m\u00eame de l\u2019\u00e9vitable destruction tr\u00e8s partielle de l\u2019immense et incomparable patrimoine culturel, architectonique et artistique cr\u00e9\u00e9 et situ\u00e9 en Italie par la civilisation catholique. Et \u00e9valu\u00e9, encore aujourd\u2019hui, de la part de l\u2019Unesco \u00e0 plus de 50% de toute la richesse de l\u2019art dans la civilisation mondiale\u00a0! Mais, en r\u00e9alit\u00e9, c\u2019\u00e9tait particuli\u00e8rement le pouvoir et le prestige, sans possible comparaison mill\u00e9naire, de \u00ab\u00a0Rome l\u2019\u00c9ternelle\u00a0\u00bb. C\u2019\u00e9tait le butin centralement convoit\u00e9 des trois Pays nord-europ\u00e9ens, \u00e0 la culture d\u00e9j\u00e0 bien ath\u00e9iste dite progressiste et plut\u00f4t protestante\u00a0: celle de la Grande-Bretagne, de l\u2019Allemagne et de la France. Toutes les trois d\u00e9j\u00e0 imbib\u00e9es de civilisation devenue progressivement panth\u00e9iste et tr\u00e8s rapaces dans la pr\u00e9dation. C\u2019\u00e9tait, en effet, au sud d\u2019Italie, dans le <em>Royaume des Deux Siciles<\/em>, et non au nord dans le Pi\u00e9mont savoyard (plut\u00f4t encore pauvre \u00e0 l\u2019\u00e9poque malgr\u00e9, ou \u00e0 cause de, la stratification sociale tr\u00e8s aristocratique) et presque sans r\u00e9serves financi\u00e8res, que se dressait comme un g\u00e9ant l\u2019industrie alors strat\u00e9gique des chemins de fer. Et s\u2019\u00e9tait \u00e0 Naples qu\u2019il demeurait cumul\u00e9 l\u2019immense tr\u00e9sor de r\u00e9serves di lingots d\u2019or, par apr\u00e8s s\u00e9questr\u00e9 par l\u2019arm\u00e9e gagnante garibaldienne et pi\u00e9montaise\u00a0! Mais le v\u00e9ritable et oc\u00e9anique pillage fut sur le plan religieux et culturel. Naturellement, ce sinistre projet nihiliste de spoliation ne pouvait se r\u00e9aliser pleinement sans l\u2019aide important et d\u00e9terminant de forces italiennes complices et id\u00e9ologiquement d\u00e9j\u00e0 align\u00e9es avec la s\u00e9cularisation de ces trois Pays-phares en anticatholicisme. M\u00eame tr\u00e8s d\u00e9cisifs par rapport au modernisme de d\u00e9vastation et colonisateur, aussi militairement, de l\u2019\u00e9poque. Les quatre \u00ab\u00a0h\u00e9ros\u00a0\u00bb septentrionaux cit\u00e9s, d\u2019antique nationalit\u00e9 italienne, \u00e9taient en effet culturellement et politiquement conformes \u00e0 l\u2019id\u00e9ologie dominante de ces trois Pays sur\u00e9valu\u00e9s m\u00eame en avant-gardisme gnostique. Et, actuellement, qui commencent \u00e0 \u00eatre redimensionn\u00e9s \u00e0 leur juste taille et dimension, m\u00eame morale et religieuse, par l\u2019historiographie contemporaine\u00a0!<\/p>\n<p><strong>D\u2019o\u00f9 d\u00e9rivait-il ce mouvement nord-europ\u00e9en \u2013 id\u00e9ologiquement conqu\u00e9rant \u2013 face au pouvoir sans pareil de civilisation, propre au catholicisme romain et plus g\u00e9n\u00e9ralement italien\u00a0?<br \/>\n<\/strong>Toute l\u2019histoire mondiale de mill\u00e9naires s\u2019\u00e9tait d\u00e9roul\u00e9e contre le protagoniste absolu jud\u00e9o-chr\u00e9tien de J\u00e9rusalem. Et puis install\u00e9, presque en rapidit\u00e9 et d\u00e9finitivement avec son si\u00e8ge central et historique \u00e0 Rome\u00a0: la capitale, unique et v\u00e9ritable, de la religion universelle \u00e0 partir du quatri\u00e8me si\u00e8cle, avec l\u2019empereur Constantin. Il est bon que l\u2019on se le r\u00e9p\u00e8te souvent dans nos jours o\u00f9 <em>\u00ab\u00a0toutes les soi-disant autres religions pratiquent<\/em> \u2013 r\u00e9it\u00e8rent les modernistes en pleine h\u00e9r\u00e9sie \u2013 <em>le m\u00eame\u2026 Dieu<\/em>\u00a0\u00bb\u00a0! Les trois guerres du<em> Risorgimento<\/em> ont \u00e9t\u00e9 motiv\u00e9es largement, m\u00eame si tr\u00e8s peu d\u00e9clar\u00e9es, par de raisons antireligieuses et franc-ma\u00e7onnes. La lutte de l\u2019\u00e9tatisme nihiliste devient ainsi non seulement conflictuelle mais compl\u00e8tement antagoniste. Et progressivement irr\u00e9ductible. Cette lutte de la soi-disant pr\u00e9tention de la supr\u00e9matie de l\u2019\u00c9tat sur Dieu et ses Lois, c\u2019est-\u00e0-dire celle des Rois, des Empereurs et des R\u00e9publiques voire Communs-\u00c9tats europ\u00e9ens contre la supr\u00e9matie du pouvoir divin, naturel et ontologique des Papes p\u00e9triniens, arrive \u00e0 se d\u00e9personnaliser dans la nouvelle et immuable objectivit\u00e9 progressivement totalitaire. Jusqu\u2019\u00e0 devenir dominante et m\u00eame totalement destructive comme aujourd\u2019hui avec l\u2019actuel \u00e9tatisme, d\u2019autant plus moderniste et totalitaire. Lequel indique dans l\u2019absurde la\u00efcisme courant, prescrivant et rel\u00e9guant la religion \u2013 au plus \u2013 dans la sph\u00e8re priv\u00e9e ou intime. L\u2019\u00e9tatisme ne peut \u00eatre que toujours tyrannique. D\u00e9j\u00e0 le mouvement de la r\u00e9volution protestante avait, bien abusivement, renvers\u00e9 la conception th\u00e9ocentrique en anthropocentrique et avec de relents n\u00e9o-pa\u00efens. En soumettant la cr\u00e9aturalit\u00e9 non seulement humaine <strong>\u2013<\/strong> \u00e9vidente dans sa d\u00e9pendance de Dieu Cr\u00e9ateur <strong>\u2013<\/strong> audit \u00ab\u00a0libre examen personnel luth\u00e9rien\u00a0\u00bb, soi-disant souverain sur tout\u00a0: de la part de chaque chr\u00e9tien se croyant autonome et ind\u00e9pendant.<\/p>\n<p><strong>L\u2019incompatibilit\u00e9 intrins\u00e8que entre la parole \u00ab\u00a0r\u00e9volution\u00a0\u00bb et la foi chr\u00e9tienne trinitaire, toujours n\u00e9cessairement \u00e9volutive dans sa continuit\u00e9 de seule et unique V\u00e9rit\u00e9 \u00e9ternelle et incarn\u00e9e\u2026<\/strong><br \/>\nEn correspondance et apr\u00e8s le Concile Vatican II, ce mouvement de r\u00e9volte narcissique s\u2019est radicalement infiltr\u00e9 aussi \u00e0 l\u2019int\u00e9rieur de l\u2019\u00c9glise catholique. Jusqu\u2019\u00e0 en devenir apparemment tr\u00e8s majoritaire parmi m\u00eame ses \u00ab\u00a0fid\u00e8les\u00a0\u00bb. Totalement app\u00e2t\u00e9s, ceux-ci, par l\u2019h\u00e9donisme plus ou moins clochard: aussi de cardinaux et d\u2019\u00e9v\u00eaques s\u2019y sont d\u00e9clar\u00e9s partisans. Les seuls pr\u00e9lats qui ont continu\u00e9 \u00e0 r\u00e9sister dans la traditionnelle et v\u00e9ritable foi ont \u00e9t\u00e9 d\u00e9j\u00e0 limog\u00e9s et remplac\u00e9s dans leurs charges d\u2019une fa\u00e7on massive par ce Pontife dit \u00ab\u00a0r\u00e9volutionnaire\u00a0\u00bb et c\u00e9l\u00e9br\u00e9 \u2013 non par hasard \u2013 par le pouvoir financier mondial. Dit aussi r\u00e9volutionnaire et tr\u00e8s actif dans les activit\u00e9s politiciennes, agnostiques et vainement \u00ab\u00a0dialoguant\u00a0\u00bb avec les ennemis de l\u2019\u00c9glise. Mais cyniquement en vengeance avec ses pr\u00e9lats, adversaires internes \u00e0 sa ligne h\u00e9t\u00e9rodoxe et soi-disant innovatrice, ou plut\u00f4t r\u00e9volutionnaire.<br \/>\nLes encore obscures (ou non compl\u00e8tement \u00e9claircies) d\u00e9missions de l\u2019immense Pape Beno\u00eet XVI ont donn\u00e9 l\u2019occasion au complot plut\u00f4t franc-ma\u00e7on convergent sur le groupe de Saint Gall pour installer au seuil pontifical le cardinal argentin Bergoglio. Ainsi, on comprend ais\u00e9ment le pourquoi du cardinal flamand Danneels, \u00e0 la t\u00eate depuis beaucoup d\u2019ann\u00e9es du tr\u00e8s bizarre groupe Saint Gall, a d\u00e9cid\u00e9, d\u2019une mani\u00e8re inou\u00efe, de ne pas participer aux fun\u00e9railles de l\u2019autre cardinal belge, le grand scientifique anthropologue wallon Ries, d\u00e9c\u00e9d\u00e9 pendant, que toujours \u00e0 la t\u00eate de ce m\u00eame lobby de complot, ce pr\u00e9lat d\u00e9j\u00e0 fameux car, successeur et \u00e9mule du cardinal moderniste bruxellois et rebelle Suenens comme primat de Belgique, manigan\u00e7ait d\u2019une fa\u00e7on tr\u00e8s engag\u00e9e au Vatican pour l\u2019\u00e9lection du futur Pape Fran\u00e7ois. Lequel, bien conquis depuis longtemps par l\u2019id\u00e9ologie culturelle irr\u00e9ligieuse anthropocentrique, via la soi-disant \u00ab\u00a0th\u00e9ologie de la lib\u00e9ration\u00a0\u00bb (devenue sous l\u2019actuel pontificat d\u2019une mani\u00e8re transformiste \u00ab\u00a0th\u00e9ologie du peuple\u00a0\u00bb) vainement condamn\u00e9e non seulement par saint Jean-Paul II, a \u00e9t\u00e9 pr\u00e9pos\u00e9 pour r\u00e9aliser un pontificat (l\u2019actuel) guid\u00e9 r\u00e9solument par la <em>r\u00e9volution<\/em> moderniste. Or il est bien notoire que le mot \u00ab\u00a0r\u00e9volution\u00a0\u00bb ne peut pas exister, par d\u00e9finition et antonomase, dans le vocabulaire chr\u00e9tien\u00a0! Le m\u00eame terme, par contre, que le confr\u00e8re j\u00e9suite fort h\u00e9r\u00e9tique allemand, Karl Rahner, avait utilis\u00e9 embl\u00e9matiquement dans la conception de sa \u00ab\u00a0Nouvelle \u00c9glise\u00a0\u00bb, actuellement suivie presque pas \u00e0 pas par ce clerg\u00e9 au pouvoir.<\/p>\n<p><strong>La toujours d\u00e9terminante ing\u00e9rence totalitaire des Pays gnostiques et franc-ma\u00e7ons sur la richesse mat\u00e9rielle et spirituelle de l\u2019Italie romaine et catholique\u00a0: depuis les tout premiers Papes martyres<br \/>\n<\/strong>Cette vision, devenue d\u00e9sormais eccl\u00e9siastique, a \u00e9t\u00e9 imm\u00e9diatement adopt\u00e9e comme la marque luth\u00e9rienne tr\u00e8s dominante dans ces premi\u00e8res ann\u00e9es de l\u2019actuel Pape. Une v\u00e9ritable apostasie, celle-ci, plus que partielle du catholicisme. Celle-ci a presque compl\u00e9t\u00e9 la vidange des \u00e9glises de ses d\u00e9j\u00e0 tr\u00e8s entam\u00e9s fid\u00e8les dans leur d\u00e9j\u00e0 \u00e9pouvantable rar\u00e9faction bien historique. Par ailleurs, maintenant ces \u00e9glises sont fr\u00e9quent\u00e9es \u2013 si on ose dire \u2013 par des \u00ab\u00a0catholiques r\u00e9siduels\u00a0\u00bb d\u00e9sormais quasi culturellement protestantis\u00e9s. Et pourvus d\u2019une \u00ab\u00a0religiosit\u00e9 activement sociologique\u00a0\u00bb et superficielle, conforme \u00e0 la mentalit\u00e9 du monde, tant pr\u00f4n\u00e9e th\u00e9or\u00e9tiquement par le mouvement rahn\u00e9rien. Il reste tout de m\u00eame une \u00ab\u00a0\u00c9glise vivante\u00a0\u00bb qui, en r\u00e9action \u00e0 celle bergoglienne, est en train de red\u00e9couvrir ou conserver une foi \u00e9vang\u00e9lique et vraiment eccl\u00e9siale \u2013 tout de m\u00eame non schismatique, malgr\u00e9 les provocations en continu\u00a0! \u2013 pleine de magist\u00e8re catholique moderne mais dans la plus grande Tradition magist\u00e9rielle. \u00c0 pr\u00e9sent la presse britannique et europ\u00e9enne vient de d\u00e9couvrir, comme rappel\u00e9 ci-dessus, certainement non rapidement et par le biais d\u2019une journaliste tr\u00e8s curieuse anglaise, l\u2019influence d\u00e9terminante des cardinaux du Commonwealth \u00a0dans la derni\u00e8re \u00e9lection pontificale vraiment progressiste et m\u00eame anti-canonique. Et apparemment \u00e9cervel\u00e9e dans le choix du Pape Fran\u00e7ois. J\u2019utilise l\u2019adverbe \u00ab\u00a0apparemment\u00a0\u00bb car les projets de l\u2019Esprit Saint, non seulement en ce qui concerne la tutelle de l\u2019\u00e9lection et de la pastorale papale, demeure toujours un myst\u00e8re toujours b\u00e9n\u00e9fique et imp\u00e9n\u00e9trable\u2026 Mais cette d\u00e9couverte \u00e9tonnement tardive n\u2019est que l\u2019habituelle norme toujours pers\u00e9cutrice qui a marqu\u00e9 aussi tous les tr\u00e8s grands \u00e9v\u00e8nements politiques, culturels et militaires relatifs \u00e0 l\u2019\u00c9glise catholique et \u00e0 sa v\u00e9ritable civilisation dite toujours \u00ab universelle romaine\u00a0\u00bb. Dans le sens id\u00e9ologique m\u00eame \u00e9tatiste (oui, oui, non seulement \u00e9conomique\u00a0!) de la r\u00e8gle toujours anticatholique. Et ceci, particuli\u00e8rement, pendant les tout derniers si\u00e8cles de la part du pouvoir gnostique et antireligieux singuli\u00e8rement de culture anglaise (en ce qui concerne le plan philosophique, car les britanniques avaient choisi de soumettre les peuples extra-europ\u00e9ens). Et de culture allemande comme fran\u00e7aise, \u00e9galement et surtout sur le plan militaire et colonisateur. L\u2019\u00e9tat notamment affaibli de la catholicit\u00e9, \u00e0 cause de l\u2019approcher et de l\u2019accomplissement du sommet apical de sa crise historique, a induit (cela continue encore ouvertement et arrogamment) dans le dernier demi-si\u00e8cle. Encore davantage que d\u2019habitude, cette ing\u00e9rence de v\u00e9ritable assujettissement conqu\u00e9rant et destructeur est \u00e0 pr\u00e9sent habituellement ordinaire. Il suffit, pour cela, penser aux tragiques et continus \u00e9v\u00e8nements g\u00e9n\u00e9r\u00e9s par les directions pass\u00e9es et actuelles de l\u2019Union europ\u00e9ennes\u2026 Il n\u2019est plus n\u00e9cessaire dans notre postmoderne employer l\u2019intervention des arm\u00e9es. Ils suffisent largement les \u00ab\u00a0r\u00e8gles\u00a0\u00bb \u00e9conomiques par exemple de Maastricht.<\/p>\n<p><strong>Le la\u00efcisme, actuellement onusien et syncr\u00e9tique (non \u0153cum\u00e9nique\u00a0!) continue \u00e0 empi\u00e9ter toujours plus dominant, apparemment quasi \u00e0 l\u2019insu des m\u00eames catholiques dits \u00ab\u00a0traditionnels\u00a0\u00bb<br \/>\n<\/strong>D\u00e9sormais, la grande alliance gnostique et s\u00e9culariste que l\u2019on peut d\u00e9finir \u00ab\u00a0occidentale\u00a0\u00bb, sinon mondiale, ne fait que mordre encore davantage sur la civilisation qui a vu son centre et son moteur, pendant des mill\u00e9naires et d\u2019une mani\u00e8re d\u00e9cisive, dans la J\u00e9rusalem. Laquelle, par apr\u00e8s, a \u00e9t\u00e9 quasi compl\u00e8tement remplac\u00e9e par la \u00ab\u00a0<em>Rome \u00e9ternelle<\/em>\u00a0\u00bb. Que l\u2019on se le dise et on se le r\u00e9p\u00e8te\u00a0: les forces gnostiques et franc-ma\u00e7onnes, qui avaient agi surtout sous trace et m\u00eame en secret d\u00e9j\u00e0 \u00e0 partir des si\u00e8cles dites de la Renaissance, ont conquis tr\u00e8s ouvertement les derni\u00e8res victoires factuelles et politiques de leur lutte s\u00e9culaire, y compris celle du <em>Risorgimento. <\/em>Tous conquis \u00e0 une religiosit\u00e9 sans Christ-Roi de l\u2019Univers\u00a0! Ce n\u2019est par hasard si le christianisme est la religion la plus martyris\u00e9e dans l\u2019histoire. Et m\u00eame actuellement, d\u2019une fa\u00e7on \u00e9norme.<br \/>\nTout de m\u00eame, \u00e0 entendre les discours officiels et institutionnels de beaucoup de dicast\u00e8res catholiques \u2013 ils sont en train de capituler sous l\u2019\u00e9puration syst\u00e9matiques du pouvoir de ce dernier pontificat anti-p\u00e9trinien\u00a0! \u2013 on a du mal, en effet, \u00e0 diff\u00e9rencier la teneur de leurs propos par rapport \u00e0 celles de la maudite franc-ma\u00e7onne confr\u00e9rie de l\u2019ONU. Ou de celles des innombrables associations dites religieuses relativistes ou spiritualistes. Une convergence, celle-ci, homologuant et approximative, g\u00e9n\u00e9riquement banalisant, est de plus en plus de mise, en dehors de toute divine \u00ab\u00a0Incarnation\u00a0\u00bb trinitaire\u00a0! Sans compter le dernier fatal accord h\u00e9r\u00e9tique, m\u00eame formellement sign\u00e9 par Pape Fran\u00e7ois (!) conjointement \u00e0 une autorit\u00e9 musulmane de premier plan, mais \u2013 comme on sait \u2013 jamais reconnue maxime.<\/p>\n<p><strong>Et les catholiques, en tout ce gu\u00eapier fatalement d\u00e9solant de si\u00e8cles gnostiques et modernistes\u00a0? Seront-ils peut-\u00eatre \u00e9clair\u00e9s par la Foi intrins\u00e8quement intelligente de leur pri\u00e8re\u00a0?<\/strong><br \/>\nActuellement nous nous trouvons, apr\u00e8s la derni\u00e8re d\u00e9faite constitu\u00e9e par l\u2019\u00e9ni\u00e8me honteux et t\u00e9l\u00e9guid\u00e9 renversement politique italien \u00e0 partir aussi de Bruxelles, dans une situation qui est substantiellement anti-d\u00e9mocratique \u00e0 cause de son impopularit\u00e9 nettement minoritaire dans tout le Pays (avec la preuve de plusieurs \u00e9lections cons\u00e9cutives). Et ceci, particuli\u00e8rement m\u00eame pour les soi-disant \u00ab\u00a0influenceurs\u00a0\u00bb catholiques \u00ab\u00a0trop intelligents\u00a0\u00bb devenus g\u00e9n\u00e9ralement souteneurs de l\u2019obtuse et insatisfaisante politique de Salvini ou de Berlusconi. Ces catholiques de compl\u00e9ment et subordonn\u00e9s n\u2019ont \u00e0 pr\u00e9sent qu\u2019une parole d\u2019ordre\u00a0: prier\u00a0! \u00ab\u00a0Il ne nous reste que prier\u00a0\u00bb, r\u00e9p\u00e8tent-ils (pr\u00e9visiblement et d\u00e9j\u00e0 bien pr\u00e9vu). En oubliant, comme d\u2019habitude, que la t\u00e2che fondamentale et prioritaire reste toujours celle de constituer le parti la\u00efque des catholiques\u00a0: toujours plus n\u00e9cessaire et en grand retard. Et, par cons\u00e9quent, le parti de tous les <em>hommes de bonne volont\u00e9\u00a0<\/em>! Le parti, celui en l\u2019occurrence, du <em>Peuple de la Famille<\/em>, hautainement et arbitrairement refus\u00e9 par ces catholiques eux-m\u00eames.<br \/>\nCes catholiques militants sont en vue (certainement toujours non trop en vitesse) de se rendre compte des avatars de l\u2019histoire qui les concernent directement. Dont les r\u00e9actions (surtout aux Etats-Unis, Pologne et en Italie outre que dans d\u2019autres Pays dits du <em>Visegrad<\/em> voire \u00e0 eux sympathisant) sont en train de produire de (r\u00e9)diviser providentiellement et d\u2019une mani\u00e8re sanctifi\u00e9e le monde entier. Et ceci, par les \u0153uvres tr\u00e8s efficaces des franc-ma\u00e7ons et des modernistes internes aussi au clerg\u00e9 catholique, \u00e0 l\u2019enseigne d\u00e9sormais classique de la passion du<em> Risorgimento<\/em>, tr\u00e8s t\u00e9l\u00e9ologique dans le gnosticisme. Et align\u00e9s volontairement \u00e0 l\u2019enseigne des membres dirigeants de la d\u00e9nomm\u00e9e <em>Mafia<\/em> de Saint Gall, comme par exemple les actuels cardinaux allemands Kasper, d\u2019Hambourg et Marx, de M\u00fcnich.<br \/>\nArriveront-ils nos catholiques <em>trop intelligents<\/em> \u00e0 se convertir \u00e0 la n\u00e9cessit\u00e9, outre que au toujours primairement \u00ab\u00a0prier\u00a0\u00bb, de construire r\u00e9solument le non facile et moderne partit la\u00efque des catholiques, rigoureusement respectueux de leur trop m\u00e9connue<em> DS\u00c9<\/em> (<em>Doctrine Sociale de l\u2019\u00c9glise<\/em>)\u00a0?<br \/>\nSon absolue priorit\u00e9 devrait appara\u00eetre indiscutablement au-dessus de toute objection politicienne ou pr\u00e9sum\u00e9e telle\u00a0!<\/p>\n","protected":false},"excerpt":{"rendered":"<p>On peut dire que toute l\u2019intellectualit\u00e9 Italienne du vingti\u00e8me si\u00e8cle, bien que tr\u00e8s talentueuse, n\u2019a fait qu\u2019avaler acritiquement et avec distraction sinon toujours complice, l\u2019horrible mythologie de la culture gnostiques et anticatholique\u00a0: des marxistes aux lib\u00e9raux, lib\u00e9ristes et libertins Il a fallu la c\u00e9l\u00e9bration du 150e de l\u2019unit\u00e9 d\u2019Italie pour que de toutes premi\u00e8res critiques [&hellip;]<\/p>\n","protected":false},"author":5,"featured_media":0,"comment_status":"open","ping_status":"closed","sticky":false,"template":"","format":"standard","meta":{"footnotes":""},"categories":[1],"tags":[],"class_list":["post-3945","post","type-post","status-publish","format-standard","hentry","category-francamente2"],"post_mailing_queue_ids":[],"_links":{"self":[{"href":"http:\/\/www.francamente2.com\/index.php?rest_route=\/wp\/v2\/posts\/3945","targetHints":{"allow":["GET"]}}],"collection":[{"href":"http:\/\/www.francamente2.com\/index.php?rest_route=\/wp\/v2\/posts"}],"about":[{"href":"http:\/\/www.francamente2.com\/index.php?rest_route=\/wp\/v2\/types\/post"}],"author":[{"embeddable":true,"href":"http:\/\/www.francamente2.com\/index.php?rest_route=\/wp\/v2\/users\/5"}],"replies":[{"embeddable":true,"href":"http:\/\/www.francamente2.com\/index.php?rest_route=%2Fwp%2Fv2%2Fcomments&post=3945"}],"version-history":[{"count":1,"href":"http:\/\/www.francamente2.com\/index.php?rest_route=\/wp\/v2\/posts\/3945\/revisions"}],"predecessor-version":[{"id":3946,"href":"http:\/\/www.francamente2.com\/index.php?rest_route=\/wp\/v2\/posts\/3945\/revisions\/3946"}],"wp:attachment":[{"href":"http:\/\/www.francamente2.com\/index.php?rest_route=%2Fwp%2Fv2%2Fmedia&parent=3945"}],"wp:term":[{"taxonomy":"category","embeddable":true,"href":"http:\/\/www.francamente2.com\/index.php?rest_route=%2Fwp%2Fv2%2Fcategories&post=3945"},{"taxonomy":"post_tag","embeddable":true,"href":"http:\/\/www.francamente2.com\/index.php?rest_route=%2Fwp%2Fv2%2Ftags&post=3945"}],"curies":[{"name":"wp","href":"https:\/\/api.w.org\/{rel}","templated":true}]}}