{"id":2300,"date":"2016-08-24T15:24:41","date_gmt":"2016-08-24T14:24:41","guid":{"rendered":"http:\/\/www.francamente2.com\/?p=2300"},"modified":"2016-08-27T17:16:04","modified_gmt":"2016-08-27T16:16:04","slug":"comunione-e-liberazione-da-almeno-una-decina-danni-e-diventata-statalista-sia-sul-piano-religioso-che-su-quello-politico-ed-economico-e-il-meraviglioso-carisma-di-don-giussani-ucciso-e-sep","status":"publish","type":"post","link":"http:\/\/www.francamente2.com\/?p=2300","title":{"rendered":"Comunione e Liberazione da almeno una decina d\u2019anni \u00e8 diventata statalista, sia sul piano religioso che su quello politico ed economico. E il meraviglioso carisma di don Giussani? Ucciso e sepolto, sotto gli occhi almeno sbalorditi di tutti!"},"content":{"rendered":"<p><strong>Alcuni amici di <em>CL<\/em> e cattolici parrocchiali mi chiedono pareri sugli ultimi episodi spirituali alquanto penosi al<em> Meeting<\/em><\/strong> <strong>di Rimini. Il quale \u00e8 pur sempre un avvenimento annuale,<\/strong> <strong>forse il pi\u00f9<\/strong> <strong>importante al<\/strong> mondo, tra quelli culturali e cristiani. Ormai sono piuttosto reticente a ripetermi. Ho scritto a pi\u00f9 riprese sul mio Blog (<a href=\"http:\/\/www.francamente2.com\">www.francamente2.com<\/a>)\u00a0 quasi un centinaio di pagine in diversi documenti e post sulle gravi deviazioni spiritualiste, intimiste e soprattutto stataliste sul piano religioso, politico ed economico da parte della dirigenza del movimento. E, di\u00a0conseguenza, del suo corpo ormai maggioritariamente \u00a0conquistato o rinnovato di candidati tradizionali del tipo <em>Azione Cattolica<\/em> a cavallo degli anni \u201850-\u201960: la stessa\u00a0 organizzazione ecclesiale contro cui il fondatore don Giussani ha dovuto combattere strenuamente tutta la sua vita. Dopo pochi mesi dall\u2019avvento del cardinal Bergoglio al suo pontificato, e col suo modernismo cattoprotestante a giorni alterni nella conduzione della Chiesa, mi son dovuto piuttosto ritirare dalle attivit\u00e0 del mio movimento ciellino: per non trasformare quotidianamente la comunit\u00e0 cristiana in luogo di permanante disputa fatalmente adialogica a causa delle direttive pastorali false e casuistiche impartite. \u00c8 da quasi dieci anni che sono cos\u00ec concentrato principalmente sulla preghiera e la meditazione, e naturalmente sul mio lavoro (ho 72 anni). Ho per\u00f2 partecipato, tra parecchie iniziative qui in Belgio, alla fondazione in Italia di <em>Nonni 2.0<\/em> (<a href=\"http:\/\/www.nonniduepuntozero.eu\">www.nonniduepuntozero.eu<\/a>) e, in modo particolare, ho passato le mie ultime vacanze con un nuovo raggruppamento denominato <em>In Movimento<\/em> a Norcia, paese natale di san Benedetto, grande fondatore (probabilmente il massimo) del monachesimo e patrono d\u2019Europa. Lui stesso, supremo costruttore della civilt\u00e0 cristiana e occidentale, ne aveva viste di tutti i colori, compresi i tre tentativi di avvelenamento da parte dei suoi frati benedettini&#8230;<\/p>\n<p><strong>Siccome l\u2019uomo \u00e8 sottoposto ontologicamente, da Adamo ed Eva, al peccato originale, il tradimento \u00e8 sempre all\u2019ordine del giorno ovunque e nella Chiesa. Ges\u00f9 stesso ne \u00e8 volontariamente morto prima <\/strong>della Sua gloriosa Resurrezione. Anche il primo Papa, Pietro, sent\u00ec cantare tre volte il gallo prima di assumere pienamente la sua missione ecclesiale fino al martirio. E a Roma dovette pure umilmente riconoscere \u2013 lui Vicario di Cristo \u2013 le severe, giuste e opportune critiche indirizzategli pubblicamente e fraternamente da san Paolo (che nemmeno aveva mai conosciuto personalmente Ges\u00f9)!<br \/>\nMa al tradimento, come sempre, c\u2019\u00e8 la sicurezza della Trinit\u00e0 e della Madonna. Il tempo e i suoi avvenimenti mostreranno \u2013 stanno gi\u00e0 mostrando \u2013\u00a0 il senso della direzione del Piano Salvifico Divino.<br \/>\nLa storia millenaria della Chiesa immortale ne presenta, si sa, casi innumerevoli. Uno di questi \u00e8 certamente stato il dono ricevuto dallo Spirito Santo di don Giussani consegnato al firmamento costellato da almeno tre Papi prodigiosamente rigorosi nella grande Tradizione (il beato Paolo VI, san Giovanni Paolo II e il Papa Emerito). Don Gius, anche in via di canonizzazione, ha costituito una stella di prima e assoluta grandezza nella storia di tutta la Chiesa.<\/p>\n<p><strong>Gi\u00e0 con due documenti ho indicato la deriva eretica della dirigenza di <em>Comunione e Liberazione<\/em> rispetto non solamente alla sua storia \u2013 quella giussaniana \u2013 che l\u2019aveva resa profetica e determinante\u00a0 <\/strong>in tutta la seconda met\u00e0 culturale del secolo scorso.<br \/>\nIl primo documento l\u2019ho pubblicato su questo Blog con il titolo \u201c<em>Lettera aperta a CL<\/em>\u201d, il 12 settembre 2015 provvisto di 20 capitoletti in una trentina di pagine; il secondo \u00e8 stato pubblicato il 5 agosto 2016 con il titolo <em>\u201cLo statalismo, il cancro pi\u00f9 mortifero della nostra era&#8230;\u201d<\/em>, dotato, in una doppia dozzina di pagine, di 24 piccoli capitoli.<br \/>\nDegli altri parecchi post, cito solo quello emblematico del 15 marzo 2016, dedicato all\u2019exploit di Giorgio Vittadini, dirigente storico e di spicco di <em>CL<\/em>: in questo mio piccolo intervento, il professore di statistica all\u2019Universit\u00e0 di Milano, dopo aver constatato, in una inchiesta comparativa rigorosa, che in Italia ci sono almeno 750.000 funzionari pubblici eccedentari da decenni, ha affermato su <em>Il Sussidiario<\/em> dell\u2019ultimo marzo che \u201cnon \u00e8 questione di licenziarli\u201d!<br \/>\nTutti gli statalisti di CL italiani e europei sono stati cos\u00ec rassicurati. Compresi i politici collettivisti in antagonismo alla sussidiariet\u00e0 della DSC (Dottrina Sociale della Chiesa). I quali cos\u00ec possono continuare le loro orribili politiche economiche fondate sul clientelismo e sul consolidamento del potere dello Stato al di sopra e a detrimento di quello inviolabile e divino della Persona. Il dramma dell\u2019umanit\u00e0 si \u00e8 sempre svolto tra queste due polarit\u00e0: quella dell\u2019<em>Homo religiosus<\/em>, descritto mirabilmente dal geniale cardinale belga Reis, vale a dire della Persona cosciente di essere stata creato da Dio; e la seconda polarit\u00e0, quella dell\u2019uomo reificato, autosoddisfatto e sedicente autonomo, oltrech\u00e9 inevitabilmente sottomesso allo Stato, cio\u00e8 all\u2019organizzazione fattuale sottoposta all\u2019idolo della tecnoscienza, pure ludica. Ma la civilt\u00e0 si \u00e8 potuta sviluppare solo allorquando la fattualit\u00e0 dello Stato si \u00e8 sottomessa o ha riconosciuto veritativamente lo spirito della persona umana, nella Rivelazione. Ci si ricordi della distinzione evangelica e dirimente fatta da Ges\u00f9 tra Cesare e Dio. Oppure della lotta vincente di sant\u2019Ambrogio che scacci\u00f2 dalla sua basilica milanese il potente imperatore Teodosio che brigava per sopraffare il potere spirituale della Chiesa. E questo, prima di giungere a farsi battezzare dallo stesso grande vescovo, come aveva gi\u00e0 fatto anche quell\u2019ex laicista raffinato di sant\u2019Agostino, sempre a Milano dopo la conversione!<\/p>\n<p><strong>Ora, in effetti, \u00e8 lo statalismo a cui il mondo e pure una parte importante della Chiesa hanno tendenza ad attribuire il potere supremo su quello spirituale: il che sta caratterizzando lo sconvolgimento <\/strong>distruttivo, anche economicamente, della nostra civilt\u00e0. Questo sovvertimento valoriale \u00e8 generalmente non detto, anzi celebrato! Soprattutto i cattolici statalisti lo nascondono in una pratica relativista e casuistica che si appiattisce, in modo falsamente e demagogicamente critico, sul nichilismo dei partiti secolaristi. Nasce cos\u00ec la nuova e insignificante religione remissiva del \u201cvolemose tutti bene\u201d e, quindi, della sedicente \u201c<em>CL<\/em> senza nemici\u201d&#8230; Invece il cristiano, alla inevitabile stregua di Ges\u00f9, ha nemici intrinsecamente agguerriti non appena si manifesta, anche solo ed esclusivamente con la molto deficitaria testimonianza silenziosa e personale, ora tipicamente ciellina. Inutile cos\u00ec nascondere sempre pi\u00f9 nell\u2019ombra il <em>Mistero Trinitario <\/em>e i <em>Valori\u00a0<\/em><em>non negoziabili<\/em>: l\u2019essenziale del cristianesimo.<\/p>\n<p><strong>D\u2019abitudine si parla di statalismo solo da un punto di vista economico. In realt\u00e0 il politico e l\u2019economico sono solo conseguenze del livello globale religioso e spirituale scelto e vissuto. Ma questo <\/strong>non lo dicono mai (o in pochi) i cristiani progressisti, anche i pi\u00f9 impegnati con i loro alleati politici ignomignosi. Si \u00e8, in effetti, statalisti di fatto, in modo silenzioso e subordinato. Soprattutto quando si finge ipocritamente, nella fattispecie, di \u201clasciare ai cattolici la libert\u00e0 [sedicente] di \u00ab\u00a0decidere <em>personalmente<\/em> per chi votare\u00a0\u00bb. Come se la libert\u00e0 personale possa essere in antagonismo indifferenziato con il giudizio espresso anche e soprattutto in comune. E in pubblico.<br \/>\nIn realt\u00e0, questa indicazione <em>pastoralista <\/em>altro non \u00e8 che la ormai abituale attitudine a non dover e non voler veramente mai giudicare. E ci\u00f2 contro il principio cristiano <strong>\u2013<\/strong> e molto giussaniano! <strong>\u2013 <\/strong>di dover sempre e sistematicamente dare un giudizio cattolico allo scopo di poter ogni volta cambiare o contribuire a mutare la realt\u00e0 secondo la visione e la civilt\u00e0 cristiana. Ma molto pi\u00f9 prosaicamente, questo atteggiamento di falso liberalismo (individualistico e fatalmente ignorante) \u00e8 stato neutralizzato da una generale e ben costruita tendenza univoca e sotterranea a schierarsi \u2013 di fatto \u2013 per lo Stato e i suoi partiti pi\u00f9 rappresentativi (principalmente di sinistra). E, naturalmente, pi\u00f9 disposti a finanziare, all\u2019occasione, il movimento e i suoi cosiddetti interessi corporativi&#8230; Che ognuno verifichi nell\u2019elenco dei pi\u00f9 di 150 invitati quest\u2019anno 2016 al <em>Meeting<\/em>: i pro governativi statalisti sono la quasi totalit\u00e0. I residuali sono anche gi\u00e0 stati scandalosamente contestati in pubblico&#8230;<\/p>\n<p><strong>La metamorfosi di <em>Comunione e Liberazione<\/em> si \u00e8 svolta, e si svolge sempre pi\u00f9, in questo processo infernale e apparentemente asettico. Ho conosciuto nei mesi scorsi un convento di giovani monache a<\/strong> Pietrarubbia, una piccola borgata nelle Marche vicino a San Marino, consacrate in controcorrente all\u2019<em>Adorazione perpetua dell\u2019Eucarestia<\/em>. Cercher\u00f2 sempre pi\u00f9 incontri come questo: segni che indicano, al di fuori degli avvenimenti mediatizzati e massificati dal potere, i percorsi misteriori, inevitabili e imperscrutabili del Piano di Dio Trinitario. Come esempio supplementare, c\u2019\u00e8 pure il convento dei giovani monaci benedettini, tutti statunitensi, venuti a Norcia a resuscitare la Tradizione che aveva meravigliato e affascinato la storia europea. Essi sono rigorosissimi nella loro cultura monastica in cui tutte le \u201cOre della Chiesa\u201c vengono recitate in gregoriano e in latino. Altro che lo squallido, devastatore e subordinato modernismo statalista&#8230; tanto in voga!<br \/>\nMio figlio maggiore, adulto e sposato, \u00e8 in <em>CL<\/em> e ha una molto vaga nozione, sostanzialmente, dell\u2019ormai defunto carisma nel movimento di don Giussani (ma provvidenzialmente tracimato dappertutto) di cui \u00e8 stato privato il suo movimento. Nella \u201cglobalit\u00e0 e nella sua\u00a0 totalit\u00e0, in tutti i suoi fattori\u201d, come non si stancava di ripetere l\u2019incomparabile e mistificato fondatore!<\/p>\n","protected":false},"excerpt":{"rendered":"<p>Alcuni amici di CL e cattolici parrocchiali mi chiedono pareri sugli ultimi episodi spirituali alquanto penosi al Meeting di Rimini. Il quale \u00e8 pur sempre un avvenimento annuale, forse il pi\u00f9 importante al mondo, tra quelli culturali e cristiani. Ormai sono piuttosto reticente a ripetermi. Ho scritto a pi\u00f9 riprese sul mio Blog (www.francamente2.com)\u00a0 quasi [&hellip;]<\/p>\n","protected":false},"author":5,"featured_media":0,"comment_status":"open","ping_status":"closed","sticky":false,"template":"","format":"standard","meta":{"footnotes":""},"categories":[1],"tags":[],"class_list":["post-2300","post","type-post","status-publish","format-standard","hentry","category-francamente2"],"post_mailing_queue_ids":[],"_links":{"self":[{"href":"http:\/\/www.francamente2.com\/index.php?rest_route=\/wp\/v2\/posts\/2300","targetHints":{"allow":["GET"]}}],"collection":[{"href":"http:\/\/www.francamente2.com\/index.php?rest_route=\/wp\/v2\/posts"}],"about":[{"href":"http:\/\/www.francamente2.com\/index.php?rest_route=\/wp\/v2\/types\/post"}],"author":[{"embeddable":true,"href":"http:\/\/www.francamente2.com\/index.php?rest_route=\/wp\/v2\/users\/5"}],"replies":[{"embeddable":true,"href":"http:\/\/www.francamente2.com\/index.php?rest_route=%2Fwp%2Fv2%2Fcomments&post=2300"}],"version-history":[{"count":5,"href":"http:\/\/www.francamente2.com\/index.php?rest_route=\/wp\/v2\/posts\/2300\/revisions"}],"predecessor-version":[{"id":2306,"href":"http:\/\/www.francamente2.com\/index.php?rest_route=\/wp\/v2\/posts\/2300\/revisions\/2306"}],"wp:attachment":[{"href":"http:\/\/www.francamente2.com\/index.php?rest_route=%2Fwp%2Fv2%2Fmedia&parent=2300"}],"wp:term":[{"taxonomy":"category","embeddable":true,"href":"http:\/\/www.francamente2.com\/index.php?rest_route=%2Fwp%2Fv2%2Fcategories&post=2300"},{"taxonomy":"post_tag","embeddable":true,"href":"http:\/\/www.francamente2.com\/index.php?rest_route=%2Fwp%2Fv2%2Ftags&post=2300"}],"curies":[{"name":"wp","href":"https:\/\/api.w.org\/{rel}","templated":true}]}}