{"id":2297,"date":"2016-08-24T15:20:38","date_gmt":"2016-08-24T14:20:38","guid":{"rendered":"http:\/\/www.francamente2.com\/?p=2297"},"modified":"2016-08-27T17:16:05","modified_gmt":"2016-08-27T16:16:05","slug":"communion-et-liberation-depuis-au-moins-une-dizaine-dannees-est-devenue-etatiste-aussi-bien-sur-le-plan-religieux-que-sur-celui-politique-et-economique-et-le-merveilleux-charisme-de-pere-gi","status":"publish","type":"post","link":"http:\/\/www.francamente2.com\/?p=2297","title":{"rendered":"Communion et Lib\u00e9ration depuis au moins une dizaine d\u2019ann\u00e9es est devenue \u00e9tatiste, aussi bien sur le plan religieux que sur celui politique et \u00e9conomique. Et le merveilleux charisme de p\u00e8re Giussani ? Tu\u00e9 et enseveli, sous les yeux au moins \u00e9tonn\u00e9s de tout le monde !"},"content":{"rendered":"<p><strong>Certains amis de <em>CL<\/em> et catholiques paroissiaux me demandent des avis sur le derniers \u00e9pisodes spirituels plut\u00f4t p\u00e9nibles au<em> Meeting<\/em> de Rimini. Lequel est encore un \u00e9v\u00e9nement\u00a0 annuel, peut-\u00eatre le <\/strong>plus important au monde, parmi ceux culturels et chr\u00e9tiens. D\u00e9sormais je suis plut\u00f4t r\u00e9ticent \u00e0 me r\u00e9p\u00e9ter. J\u2019ai \u00e9crit \u00e0 plusieurs reprises dans mon Blog (<a href=\"http:\/\/www.francamente2.com\">www.francamente2.com<\/a>) presque une centaine de pages en des diff\u00e9rents documents et posts sur les graves d\u00e9viations spiritualistes, intimistes et surtout \u00e9tatistes relatifs au plan religieux, politique et \u00e9conomique de la part de la direction de ce mouvement. Et, par cons\u00e9quent, de son corps d\u00e9sormais majoritairement conquis ou renouvel\u00e9 de candidats traditionnels du type<em> Action Catholique <\/em>des ann\u00e9es 50-60\u00a0: la m\u00eame organisation eccl\u00e9siale contre laquelle le fondateur p\u00e8re Giussani a d\u00fb lutter sans quartier toute sa vie. Apr\u00e8s quelques mois de l\u2019avent du cardinal Bergoglio \u00e0 son pontificat, et avec son modernisme catho-protestant \u00e0 jours altern\u00e9s dans la conduite de l\u2019\u00c9glise, j\u2019ai d\u00fb plut\u00f4t abandonner mon mouvement de<em> CL<\/em>\u00a0: afin de ne pas transformer quotidiennement la comunaut\u00e9 chr\u00e9tienne en un lieu de dispute permanente fatalement non-dialogique \u00e0 cause des directives pastorales fausses et casuistiques qui venaient d\u2019\u00eatre octroy\u00e9es. Il est ainsi depuis presque dix ans que je suis concentr\u00e9 principalement sur la pri\u00e8re et la m\u00e9ditation, et naturellement sur mon travail (j\u2019ai 72 ans). J\u2019ai en tout cas particip\u00e9, \u00e0 c\u00f4t\u00e9 de plusieurs initiatives ici en Belgique, \u00e0 la fondation en Italie de <em>Nonni 2.0<\/em> (<a href=\"http:\/\/www.nonniduepuntozero.eu\">www.nonniduepuntozero.eu<\/a>) et, notamment, j\u2019ai pass\u00e9 mes derni\u00e8res vacances avec un nouveau regroupement d\u00e9nomm\u00e9 <em>In Movimento<\/em> a Norcia, pays natal de saint Beno\u00eet, grand fondateur\u00a0 (probablement le plus important) du monachisme e patron d\u2019Europe. Lui-m\u00eame supr\u00eame constructeur de la civilisation chr\u00e9tienne et occidentale, il en avait vu de toutes le couleurs, y compris le trois tentatives de son empoisonnement de la part de ses fr\u00e8res b\u00e9n\u00e9dictins\u2026<\/p>\n<p><strong>Comme l\u2019homme est soumis ontologiquement, depuis Adam et \u00c8ve, au p\u00e9ch\u00e9 originel, la traitrise est toujours \u00e0 l\u2019ordre du jour partout et dans l\u2019\u00c9glise. J\u00e9sus Lui-m\u00eame en est volontairement mort avant Sa<\/strong> glorieuse R\u00e9surrection. M\u00eame le premier Pape, Pierre, entendit chanter trois fois le coc avant d\u2019assumer pleinement sa mission eccl\u00e9siale jusqu\u2019au martyre. Et \u00e0 Rome il dut aussi humblement reconna\u00eetre \u2013 lui Vicaire du Christ \u2013 les tr\u00e8s s\u00e9v\u00e8res, justes et opportunes critiques adress\u00e9es \u00e0 lui publiquement et fraternellement par saint Paul (qui n\u2019avait m\u00eame pas connu personnellement J\u00e9sus)\u00a0!<br \/>\n<span style=\"line-height: 1.5;\">Mais \u00e0 la traitrise, comme toujours, il y a la s\u00e9curit\u00e9 de la Trinit\u00e9 et de la Vierge. Le temps et ses \u00e9v\u00e9nements montreront \u2013 il sont d\u00e9j\u00e0 en train de le montrer \u2013 le sens de la direction du Plan Divin du Salut. L\u2019histoire mill\u00e9naire de l\u2019\u00c9glise immortelle en pr\u00e9sente, on le sait, des innombrables cas. Un parmi ceux-ci a \u00e9t\u00e9 certainement le don, re\u00e7u de la part de l\u2019Esprit Saint, de p\u00e8re Giussani livr\u00e9 au firmament peupl\u00e9 par au moins trois Papes prodigieusement rigoureux dans la grande Tradition (b\u00e9at Paul VI, saint Jean-Paul II et Pape Em\u00e9rite). P\u00e8re Giussani, \u00e9galement en voie de canonisation, a constitu\u00e9 une \u00e9toile de premi\u00e8re et absolue grandeur dans l\u2019histoire de toute l\u2019\u00c9glise.<\/span><\/p>\n<p><strong>\u00a0<\/strong><strong>J\u2019ai indiqu\u00e9 avec deux documents la d\u00e9rive h\u00e9r\u00e9tique de la direction de <em>Communion et Lib\u00e9ration<\/em> par rapport non seulement \u00e0 son histoire \u2013 celle giussanienne \u2013 qui l\u2019avait rendue proph\u00e9tique et<\/strong> d\u00e9terminante dans toute la deuxi\u00e8me partie culturelle du si\u00e8cle dernier.<br \/>\nJ\u2019ai publi\u00e9 le premier document sur ce Blog avec le titre \u00ab\u00a0Lettre ouverte \u00e0 <em>CL<\/em>\u00a0\u00bb, le 12 septembre 2015 dot\u00e9 de 20 petits chapitres et une trentaine de pages\u00a0; le deuxi\u00e8me a \u00e9t\u00e9 publi\u00e9 le 5 ao\u00fbt 2016 avec le titre \u00ab\u00a0 L\u2019\u00e9tatisme, le cancer le plus mortif\u00e8re de notre \u00e8re\u2026\u00a0\u00bb, dot\u00e9 d\u2019une double douzaine de pages et de 24 chapitres.<br \/>\nDes autres plusieurs posts, je ne cite que celui embl\u00e9matique du 15 mars 2016, d\u00e9di\u00e9 \u00e0 l\u2019exploit de Giorgio Vittadini, dirigeant historique et de premier choix de <em>CL<\/em>\u00a0: dans cette\u00a0 petite intervention, le professeur de statistique \u00e0 l\u2019Universit\u00e9 de Milan, apr\u00e8s avoir constat\u00e9, dans une enqu\u00eate comparative rigoureuse, que en Italie il y a au moins 750.000 fonctionnaires publiques exc\u00e9dentaires depuis des d\u00e9cennies, il a affirm\u00e9 dans <em>Il Sussidiario<\/em> du dernier mois de mars qu\u2019il \u00ab\u00a0n\u2019est pas question de les licencier\u00a0\u00bb\u00a0!<br \/>\nTous les \u00e9tatistes de <em>CL<\/em> italiens et europ\u00e9ens ont \u00e9t\u00e9 ainsi rassur\u00e9s. Y compris les politiciens collectivistes en antagonisme \u00e0 la subsidiarit\u00e9 de la DS\u00c9 (Doctrine Sociale de l\u2019\u00c9glise). Lesquels peuvent ainsi continuer leurs horribles politiques \u00e9conomiques fond\u00e9es sur le client\u00e9lisme et sur la consolidation du pouvoir de l\u2019\u00c9tat au dessus et au d\u00e9triment de celui inviolable e divin de la Personne. Le drame de l\u2019humanit\u00e9 s\u2019est toujours d\u00e9roul\u00e9 entre ces deux polarit\u00e9s\u00a0: celle de l\u2019<em>Homo religiosus<\/em>, d\u00e9crit admirablement par le g\u00e9nial cardinal belge Reis, c\u2019est-\u00e0-dire de la Personne consciente d\u2019avoir \u00e9t\u00e9 cr\u00e9\u00e9e par Dieu\u00a0; et la deuxi\u00e8me polarit\u00e9, celle de l\u2019homme r\u00e9ifi\u00e9, autosatisfait et soi-disant autonome mais soumis in\u00e9vitablement \u00e0 l\u2019\u00c9tat, c\u2019est-\u00e0-dire \u00e0 l\u2019organisation factuelle outre que sujette \u00e0 l\u2019idole dela technoscience, m\u00eame ludique. Mais la civilisation n\u2019a pu se d\u00e9velopper que lorsque la factualit\u00e9 de l\u2019\u00c9tat s\u2019est soumise ou elle a reconnu\u00a0 l\u2019esprit de la personne humaine, dans la R\u00e9v\u00e9lation. Que l\u2019on se rappelle de la distinction \u00e9vang\u00e9lique\u00a0 dirimante pr\u00e9cis\u00e9e par J\u00e9sus entre C\u00e9sar et Dieu. Ou bien de la lutte gagnante de saint Ambroise qui chassa de sa basilique milanaise le puissant empereur Th\u00e9odose lequel briguait afin de pr\u00e9valoir sur le pouvoir spirituel de l\u2019\u00c9glise. Et ceci, avant d\u2019arriver \u00e0 se faire baptiser par le m\u00eame grand \u00e9v\u00eaque, comme il avait d\u00e9j\u00e0 fait aussi ce la\u00efciste raffin\u00e9 de saint\u2019 Augustin, toujours \u00e0 Milan apr\u00e8s sa conversion\u00a0!<\/p>\n<p><strong>\u00c0 pr\u00e9sent, en effet, c\u2019est l\u2019\u00e9tatisme auquel le monde et m\u00eame une partie importante de l\u2019\u00c9glise ont tendance \u00e0 attribuer le pouvoir supr\u00eame sur celui spirituel\u00a0: ce qui est en train de caract\u00e9riser le<\/strong> d\u00e9roulement destructif, aussi \u00e9conomiquement, de notre civilisation. Ce renversement de valeurs est g\u00e9n\u00e9ralement non-dit, au contraire il est c\u00e9l\u00e9br\u00e9\u00a0!<br \/>\n<span style=\"line-height: 1.5;\">Surtout, les catholiques \u00e9tatistes le cachent dans une pratique relativiste et casuiste qui s\u2019identifie, avec une modalit\u00e9 faussement et d\u00e9magogiquement critique, dans le nihilisme des partis s\u00e9cularistes. Ainsi, on voit la naissance la nouvelle et insignifiante religion de reddition dite de \u00ab\u00a0l\u2019embrassons-nous tous\u00a0\u00bb et, donc, de la soi-disant \u00ab\u00a0<\/span><em style=\"line-height: 1.5;\">CL<\/em><span style=\"line-height: 1.5;\"> sans ennemis\u00a0\u00bb\u2026\u00a0 Par contre, le chr\u00e9tien, \u00e0 l\u2019enseigne de J\u00e9sus, trouve des ennemis intrins\u00e8quement agressifs d\u00e8s qu\u2019il se manifeste m\u00eame avec le tr\u00e8s d\u00e9ficitaire t\u00e9moignage, aussi seulement \u00a0silencieux et personnel, actuellement typiquement de <\/span><em style=\"line-height: 1.5;\">CL<\/em><span style=\"line-height: 1.5;\">. Inutile ainsi de cacher toujours plus, dans l\u2019ombre, le <\/span><em style=\"line-height: 1.5;\">Myst\u00e8re Trinitaire<\/em><span style=\"line-height: 1.5;\"> et les <\/span><em style=\"line-height: 1.5;\">Valeurs non n\u00e9gociables<\/em><span style=\"line-height: 1.5;\">\u00a0: l\u2019essentiel du christianisme.<\/span><\/p>\n<p><strong>\u00a0<\/strong><strong>D\u2019habitude on ne parle d\u2019\u00e9tatisme que d\u2019un point de vue \u00e9conomique. En r\u00e9alit\u00e9 le politique e l\u2019\u00e9conomique ne sont que des cons\u00e9quences du niveau global religieux choisi e v\u00e9cu. Mais ceci n\u2019est<\/strong> jamais dit (ou par tr\u00e8s peux de gents) parmi les chr\u00e9tiens progressistes, m\u00eame les plus engag\u00e9s avec leurs alli\u00e9s politiques ignobles. On est, en effet, \u00e9tatistes de fait, dans une fa\u00e7on silencieuse et subordonn\u00e9e. Surtout lorsque on fait semblant hypocritement de \u00ab\u00a0laisser aux catholiques la libert\u00e9 [soi-disant] de d\u00e9cider personnellement pour qui voter\u00a0\u00bb. Comme si la libert\u00e9 personnelle puisse \u00eatre en antagonisme indiff\u00e9renci\u00e9 avec le jugement exprim\u00e9 m\u00eame et surtout en commun. Et en public.<br \/>\nEn r\u00e9alit\u00e9, cette indication \u00ab\u00a0pastorale\u00a0\u00bb n\u2019est pas autre chose que la d\u00e9sormais habituelle attitude \u00e0 ne pas devoir ou vouloir vraiment juger. Et ceci contre le principe chr\u00e9tien \u2013 tr\u00e8s giussanien\u00a0! \u2013 de devoir toujours et syst\u00e9matiquement formuler un jugement catholique afin de pouvoir chaque fois changer ou contribuer \u00e0 modifier la r\u00e9alit\u00e9 selon la vision et la civilisation chr\u00e9tienne. Mais, d\u2019une fa\u00e7on tr\u00e8s prosa\u00efque, cette attitude de faux lib\u00e9ralisme (individualiste et fatalement ignorant) a \u00e9t\u00e9 neutralis\u00e9 avec une g\u00e9n\u00e9rale et bien structur\u00e9e tendance univoque et souterraine \u00e0 se garer \u2013 de fait \u2013 pour l\u2019\u00c9tat et ses partis les plus repr\u00e9sentatifs (principalement de gauche). Et, naturellement, pour les plus dispos\u00e9s \u00e0 financier, \u00e0 l\u2019occasion, le mouvement et ses soi-disant int\u00e9r\u00eats corporatistes\u2026 Que chacun v\u00e9rifie dans la liste des plus de 150 invit\u00e9s cette ann\u00e9e 2016 au <em>Meeting\u00a0<\/em>: les pro-gouvernementaux \u00e9tatistes sont la presque totalit\u00e9. Les r\u00e9siduels ont d\u00e9j\u00e0 \u00e9t\u00e9 aussi scandaleusement contest\u00e9s en publique\u2026<\/p>\n<p><strong>\u00a0<\/strong><strong>La m\u00e9tamorphose de <em>Communion et Lib\u00e9ration<\/em> s\u2019est d\u00e9roul\u00e9e, et se d\u00e9roule toujours plus, \u00e0 l\u2019int\u00e9rieur de ce proc\u00e8s infernal et apparemment aseptique. J\u2019ai connu dans les mois pass\u00e9s un couvent de<\/strong> <strong>jeunes<\/strong> nonnes \u00e0 Pietrarubbia, une petite bourgade dans la r\u00e9gion des <em>Marche<\/em>, tous pr\u00e8s de San Marino, consacr\u00e9es en contre-courant \u00e0 l\u2019<em>Adoration perp\u00e9tue de l\u2019Eucharistie<\/em>. Je chercherai toujours plus des rencontres comme celle-ci\u00a0: des signes qui indiquent, en dehors des \u00e9v\u00e9nements m\u00e9diatis\u00e9s et massifi\u00e9s par le pouvoir, les parcours myst\u00e9rieux et apparemment imp\u00e9n\u00e9trables du Plan du Dieu Trinitaire. Comme exemple suppl\u00e9mentaire, il y a aussi le couvent des jeunes moines b\u00e9n\u00e9dictins, tous am\u00e9ricains, venus \u00e0 Norcia \u00e0 ressusciter la Tradition qui avait \u00e9merveill\u00e9 et fascin\u00e9 l\u2019histoire europ\u00e9enne. Ils sont tr\u00e8s rigoureux dans leur culture monastique dans laquelle toutes les \u00ab\u00a0Heures de l\u2019\u00c9glise\u00a0\u00bb sont chant\u00e9es en gr\u00e9gorien et en latin. Le modernisme \u00e9tatiste crado, d\u00e9vastateur et subordonn\u00e9 n\u2019a qu\u2019\u00e0 se reformer\u00a0!<br \/>\nMon fils ain\u00e9, adulte et mari\u00e9, est en <em>CL<\/em> et a une notion substantiellement tr\u00e8s vague du charisme, d\u00e9sormais mort de p\u00e8re Giussani (tout de m\u00eame providentiellement diffus\u00e9 partout), dont il a \u00e9t\u00e9 priv\u00e9 son mouvement.<br \/>\n\u00ab\u00a0Dans la\u00a0globalit\u00e9 et dans sa totalit\u00e9, dans tous ses facteurs\u00a0\u00bb, comme il ne se lassait de r\u00e9p\u00e9ter l\u2019incomparable et mystifi\u00e9 fondateur\u00a0!\u00a0\u00a0\u00a0 \u00a0\u00a0\u00a0\u00a0<em>\u00a0\u00a0<\/em><\/p>\n","protected":false},"excerpt":{"rendered":"<p>Certains amis de CL et catholiques paroissiaux me demandent des avis sur le derniers \u00e9pisodes spirituels plut\u00f4t p\u00e9nibles au Meeting de Rimini. Lequel est encore un \u00e9v\u00e9nement\u00a0 annuel, peut-\u00eatre le plus important au monde, parmi ceux culturels et chr\u00e9tiens. D\u00e9sormais je suis plut\u00f4t r\u00e9ticent \u00e0 me r\u00e9p\u00e9ter. J\u2019ai \u00e9crit \u00e0 plusieurs reprises dans mon Blog [&hellip;]<\/p>\n","protected":false},"author":5,"featured_media":0,"comment_status":"open","ping_status":"closed","sticky":false,"template":"","format":"standard","meta":{"footnotes":""},"categories":[1],"tags":[],"class_list":["post-2297","post","type-post","status-publish","format-standard","hentry","category-francamente2"],"post_mailing_queue_ids":[],"_links":{"self":[{"href":"http:\/\/www.francamente2.com\/index.php?rest_route=\/wp\/v2\/posts\/2297","targetHints":{"allow":["GET"]}}],"collection":[{"href":"http:\/\/www.francamente2.com\/index.php?rest_route=\/wp\/v2\/posts"}],"about":[{"href":"http:\/\/www.francamente2.com\/index.php?rest_route=\/wp\/v2\/types\/post"}],"author":[{"embeddable":true,"href":"http:\/\/www.francamente2.com\/index.php?rest_route=\/wp\/v2\/users\/5"}],"replies":[{"embeddable":true,"href":"http:\/\/www.francamente2.com\/index.php?rest_route=%2Fwp%2Fv2%2Fcomments&post=2297"}],"version-history":[{"count":1,"href":"http:\/\/www.francamente2.com\/index.php?rest_route=\/wp\/v2\/posts\/2297\/revisions"}],"predecessor-version":[{"id":2298,"href":"http:\/\/www.francamente2.com\/index.php?rest_route=\/wp\/v2\/posts\/2297\/revisions\/2298"}],"wp:attachment":[{"href":"http:\/\/www.francamente2.com\/index.php?rest_route=%2Fwp%2Fv2%2Fmedia&parent=2297"}],"wp:term":[{"taxonomy":"category","embeddable":true,"href":"http:\/\/www.francamente2.com\/index.php?rest_route=%2Fwp%2Fv2%2Fcategories&post=2297"},{"taxonomy":"post_tag","embeddable":true,"href":"http:\/\/www.francamente2.com\/index.php?rest_route=%2Fwp%2Fv2%2Ftags&post=2297"}],"curies":[{"name":"wp","href":"https:\/\/api.w.org\/{rel}","templated":true}]}}