{"id":2265,"date":"2016-08-14T17:48:12","date_gmt":"2016-08-14T16:48:12","guid":{"rendered":"http:\/\/www.francamente2.com\/?p=2265"},"modified":"2016-08-14T17:48:12","modified_gmt":"2016-08-14T16:48:12","slug":"a-norcia-jai-appris-que-la-penitence-pour-une-faute-relative-a-un-moine-benedictin-est-la-suspension-de-son-travail-et-non-une-corvee-penible-nullement-rehabilitant-toute-act","status":"publish","type":"post","link":"http:\/\/www.francamente2.com\/?p=2265","title":{"rendered":"\u00c0 Norcia j\u2019ai appris que la p\u00e9nitence, pour une faute relative \u00e0 un moine b\u00e9n\u00e9dictin, est la \u00ab suspension de son travail \u00bb et non une corv\u00e9e p\u00e9nible nullement r\u00e9habilitant. Toute activit\u00e9 doit intrins\u00e8quement \u00eatre une libre collaboration humaine avec la Cr\u00e9ation permanente et \u00e9ternelle de Dieu."},"content":{"rendered":"<p><strong>Notre civilisation occidentale, d\u00e9sormais devenue presque mondiale et nihiliste, a r\u00e9duit la sacro-sainte activit\u00e9 quotidienne \u00e0 l\u2019horrible et prioritaire <em>refus trainant du travail<\/em>.<br \/>\n<\/strong>Les derniers soixante ans syndicaux et politiciens ont bien fini par transformer le travail, tout le travail des hommes, en pure n\u00e9cessit\u00e9 exclusivement <em>douloureuse<\/em>. Jusqu\u2019\u00e0 bouleverser la conception vitale et culturelle \u2013 profond\u00e9ment vocationnelle, globale et intimement religieuse \u2013 de toute activit\u00e9 \u00e9conomique. La distance et la diff\u00e9rence avec l\u2019apparent paradoxe de la p\u00e9nitence dict\u00e9e par le peut-\u00eatre plus grand moine, devenu Patron de l\u2019Europe, B\u00e9n\u00e9dicte (tout\u00a0 comme l\u2019incommensurable saint Fran\u00e7ois lui aussi de la m\u00eame r\u00e9gion\u00a0!) montre l\u2019\u00e9tendue de cet abrutissement de l\u2019homme dit moderne. Bien que mes activit\u00e9s entrepreneuriales sur quatre continents se soient d\u00e9velopp\u00e9es depuis plus de quarante ans \u00e0 partir de la Belgique (<a href=\"http:\/\/www.eurologos.com\">www.eurologos.com<\/a>), la simple formulation b\u00e9n\u00e9dictine \u2013 tr\u00e8s conceptuelle et \u00e0 l\u2019origine de la conception de vie occidentale, donc du travail \u2013 m\u2019a \u00e9t\u00e9 r\u00e9v\u00e9l\u00e9e par un la\u00efc de l\u2019ordre religieux \u00e0 Norcia. Dans ce petit village encore moyen\u00e2geux dans l\u2019Ombrie, au centre de l\u2019Italie, est n\u00e9 le grand moine fondateur de ce monachisme \u00e9ternellement moderne qui encore survit intact dans notre Vieux Continent.<\/p>\n<p><strong>J\u2019\u00e9tais moi-aussi l\u00e0, avec une centaine de vieux membres de Communion et Lib\u00e9ration, pour participer \u2013 m\u00eame en famille \u2013 \u00e0 une vacance d\u2019\u00e9tude estivale dans cette petite bourgade qui a<\/strong> sauv\u00e9 ses tr\u00e9sors d\u2019il y a bien plus d\u2019un mill\u00e9naire. Contrairement aux lieux communs s\u00e9cularis\u00e9s et relativistes de nos jours, une douzaine de jeunes moines nord-am\u00e9ricains, tous tr\u00e8s rigoureusement fid\u00e8les de sain B\u00e9n\u00e9dict et de sa fameuse <em>R\u00e8gle<\/em>, ont ressuscit\u00e9 le couvent qui \u00e9tait devenu l\u00e9gendaire (avec celui principal de Montecassino) dans tous les pays d\u00e9velopp\u00e9s, non seulement europ\u00e9ens. Nous, si on peut ainsi dire, de <em>CL<\/em> (tendance tr\u00e8s giussanienne \u00ab\u00a0In Movimento\u00a0\u00bb) avons particip\u00e9 \u00e0 un r\u00e9cit des <em>Heures<\/em> et \u00e0 une messe tridentine de ces moines priants et chantant en gr\u00e9gorien dans la langue latine.<\/p>\n<p><strong>Parmi toutes les choses qui ont provoqu\u00e9 ma stupeur, dans notre vacance dans la r\u00e9gion qui a vraiment fond\u00e9, au c\u0153ur de l\u2019Italie, la plus belle tradition de la civilisation \u00e0 pr\u00e9sent rudoy\u00e9e<\/strong> europ\u00e9enne, il y a ce concept de la t\u00e9l\u00e9ologie sanctifiante du travail. Elle a \u00e9t\u00e9 con\u00e7ue \u00e0 la base de la vision profond\u00e9ment chr\u00e9tienne des moines b\u00e9n\u00e9dictins \u00e0 l\u2019ajout de la valeur et de la beaut\u00e9 \u00e0 la constante Cr\u00e9ation, m\u00eame technologique, de la vie et de l\u2019univers. Chaque fid\u00e8le, naturellement m\u00eame la\u00efc, vit ainsi son existence dans l\u2019accompagnement de cette vocation compl\u00e8tement ontologique, intrins\u00e8quement \u00e0 sa vie et \u00e0 sa Personne. N\u2019importe si dans la modestie apparente de sa fonction ou dans les grandes r\u00e9alisations humaines\u00a0! La beaut\u00e9 ne peut \u00eatre formul\u00e9e et exprim\u00e9e que par l\u2019harmonie dite c\u00e9leste de la supr\u00eame collaboration active et reconnaissante de la partde chaque homme dans son implacable et \u00ab involontaire vocation\u00a0\u00bb, m\u00eame professionnelle. Le travail devient ainsi la dimension la plus universelle dans la Cr\u00e9ation dont le myst\u00e8re transcendant ne peut que se totaliser dans sa recherche cognitive, la plus accomplissant et globale.<\/p>\n<p><strong>Voil\u00e0 le pourquoi pour lequel le catholicisme ne peut que se proposer, comme toujours \u00e9ternellement, en tant que salut supr\u00eame de chaque Personne, contre toute tendance<\/strong> r\u00e9ductionniste en cours\u00a0: aussi bien dans le nihilisme \u00e9tatiste que l\u2019Occident est en train d\u2019artificiellement fabriquer d\u2019une mani\u00e8re forcen\u00e9e, que dans la dictatoriale r\u00e9activation de la doctrine coranique et de la tradition violente et guerri\u00e8re annulant la premi\u00e8re valeur humaine \u2013 la libert\u00e9\u00a0! \u2013 fondamentalement de la part de l\u2019Islam. Ces deux conceptions bien oppos\u00e9es sont en train d\u2019occuper et de pr\u00e9occuper l\u2019actualit\u00e9 d\u00e9primante et insouciante de la vie contemporaine. Elles, non par hasard, sont totalement priv\u00e9es de la notion primordiale du <em>p\u00e9ch\u00e9 originel.<\/em> L\u2019homme, \u00e0 la foi pour le nihilisme s\u00e9cularis\u00e9 se croyant autosuffisant, que pour l\u2019Islam structurellement meurtrier et barbare, ne se consid\u00e8re pas vraiment entach\u00e9 par sa tendance naturelle \u00e0 accomplir le mal, \u00e0 condition d\u2019apparemment triompher. Arrogamment s\u00fbrs de leur perfection rationaliste ou inn\u00e9e n\u2019ont qu\u2019\u00e0 imposer \u2013 par le r\u00e9ductionnisme \u00ab\u00a0d\u00e9mocratique\u00a0\u00bb ou par le totalitarisme violent et assassin \u2013 leurs insolentes et pr\u00e9somptueuses id\u00e9ologies d\u00e9vastatrices. De l\u2019actuelle\u00a0 \u00ab\u00a0mod\u00e9ration \u00bb des masses musulmanes en Occident, qu\u2019on en parle et qu\u2019on en d\u00e9veloppe prudemment la tendance. Mais apr\u00e8s avoir bien constat\u00e9 qu\u2019il y a eu plus d\u2019une quinzaine d\u2019ann\u00e9es, apr\u00e8s les innombrables et f\u00e9roces attentats et h\u00e9catombes \u00e0 partie des <em>Twin Towers,<\/em> afin que le tr\u00e8s rare et peu significatif pourcentage des tr\u00e8s int\u00e9ress\u00e9s, souvent sacril\u00e8ges islamiques, se fassent remarquer, \u00a0toujours aussi\u00a0 trompeurs dans quelques messes c\u00e9l\u00e9brant l\u2019eucharistie avec des crachements sur des crucifix et des provoquant lectures de\u2026 versets coranique.<\/p>\n<p><strong>Donc, d\u2019o\u00f9 vient-il ce cons\u00e9quent refus trainant du travail, avant tout spirituel, que aussi le nihilisme relativiste, actuellement dans le paresseux Occident, et la nullification de la libert\u00e9 <\/strong>personnelle (surtout de la part de l\u2019Islam), veulent imposer \u00e0 un monde plut\u00f4t rassasi\u00e9 et globalement r\u00e9duit dans ses nombreux recoins mat\u00e9rialistes, ludiques et la\u00efcistes\u00a0?<br \/>\n\u00c9videmment, ce refus d\u00e9pend de la plus totale soumission volontaire \u00e0 la n\u00e9gation volontaire de la V\u00e9rit\u00e9 de l\u2019Ev\u00e9nement du christanisme vivant dans ce que le pape \u00c9m\u00e9rite Beno\u00eet appelait, aux Bernardins \u00e0 Paris, le <em>Quaerere Deum<\/em> (Chercher Dieu), le Dieu Trinitaire salvateur. Le m\u00eame Dieu qui cr\u00e9e et recr\u00e9e continuellement, exclusivement avec le libre, intelligent et volontaire travail collaboratif de chaque homme \u00e0 la<em> Vie<\/em> de la de la Personne et de ses d\u00e9riv\u00e9s sociaux, dans la seule V\u00e9rit\u00e9 r\u00e9v\u00e9l\u00e9e\u00a0: dans le <em>Chemin<\/em> universel indiqu\u00e9 par la s\u00e9quelle de la Croix et conclu par la triomphale R\u00e9surrection. Et que l\u2019on n\u2019oublie pas, entre-temps, que par exemple, l\u2019\u00e2ge moyen des pensions et pr\u00e9pensions en Europe (soigneusement cach\u00e9) n\u2019est que de 56 ans et quelques mois\u00a0: moi, comme beaucoup d\u2019autres, \u00e0 72 ans je continue \u00e0 mod\u00e9r\u00e9ment travailler, jusqu\u2019au dernier prochain\u00a0 souffle en remerciant Dieu de la relative bonne sant\u00e9. Et, de m\u00eame, que l\u2019on n\u00a0\u00bboublie pas non plus le degr\u00e9 tr\u00e8s primitif du traditionnel d\u00e9veloppement technologique atteint, non par hasard, par les pays musulmans\u2026 Du reste qui, dans nos jours, consid\u00e8re-t-il encore indispensable travailler avec precision et avec une passion propre de la grande hauteur vitale\u00a0?<\/p>\n<p><strong>Jusqu\u2019\u00e0 ce que, comme dans les derniers si\u00e8cles, les hommes chercheront progressivement dans leurs idoles \u2013 qu\u2019ils soient personnifi\u00e9s dans la pr\u00e9valence totalitaire de l\u2019\u00e9tatisme bourgeois sur la <\/strong>Personne, ou bien dans le m\u00eame r\u00e9ductionnisme absolutiste, violent et mortif\u00e8re de la religion \u00e9crite et prescriptive dans la barbarie encore inchang\u00e9e (l\u2019Islam\u00a0: mais qui pourra la transformer\u00a0?) \u2013 ils ne pourront que se perdre dans une aventure narcissique et aveugle, sauvage et meurtri\u00e8re de subordination \u00e0 leur fatale impuissance vitale et culturelle.<br \/>\nEt ceci m\u00eame de la part de l\u2019\u00c9glise et de ses mouvements eccl\u00e9siaux qui se font fourvoyer et d\u00e9vier par cette tendance g\u00e9n\u00e9rale au <em>refus du travail<\/em> o\u00f9 la qu\u00eate de la V\u00e9rit\u00e9 et du Dieu mis\u00e9ricordieux dans la Tradition est mise \u00e0 l\u2019ostracisme. O\u00f9 l\u2019intimisme et le spiritualisme casuistique substantiellement de reddition \u00e0 l\u2019ath\u00e9isme, voire la violence assassine de conqu\u00eate religieuse sym\u00e9trique, sont assum\u00e9s comme r\u00e8gles de vie. Naturellement, avec chaque musulman et directement, on peut et on doit toujours dialoguer, en faisant de la clart\u00e9 entre p\u00e9ch\u00e9\u00a0 et p\u00e9cheurs.<br \/>\nL\u2019humble, fid\u00e8le et clair travail des moines b\u00e9n\u00e9dictins a \u00e9t\u00e9, au fond, dans la pri\u00e8re et les activit\u00e9s de recherche de valeurs, le model op\u00e9rationnel de nos vacances \u00e0 Norcia.<\/p>\n","protected":false},"excerpt":{"rendered":"<p>Notre civilisation occidentale, d\u00e9sormais devenue presque mondiale et nihiliste, a r\u00e9duit la sacro-sainte activit\u00e9 quotidienne \u00e0 l\u2019horrible et prioritaire refus trainant du travail. Les derniers soixante ans syndicaux et politiciens ont bien fini par transformer le travail, tout le travail des hommes, en pure n\u00e9cessit\u00e9 exclusivement douloureuse. Jusqu\u2019\u00e0 bouleverser la conception vitale et culturelle \u2013 [&hellip;]<\/p>\n","protected":false},"author":5,"featured_media":0,"comment_status":"open","ping_status":"closed","sticky":false,"template":"","format":"standard","meta":{"footnotes":""},"categories":[1],"tags":[],"class_list":["post-2265","post","type-post","status-publish","format-standard","hentry","category-francamente2"],"post_mailing_queue_ids":[],"_links":{"self":[{"href":"http:\/\/www.francamente2.com\/index.php?rest_route=\/wp\/v2\/posts\/2265","targetHints":{"allow":["GET"]}}],"collection":[{"href":"http:\/\/www.francamente2.com\/index.php?rest_route=\/wp\/v2\/posts"}],"about":[{"href":"http:\/\/www.francamente2.com\/index.php?rest_route=\/wp\/v2\/types\/post"}],"author":[{"embeddable":true,"href":"http:\/\/www.francamente2.com\/index.php?rest_route=\/wp\/v2\/users\/5"}],"replies":[{"embeddable":true,"href":"http:\/\/www.francamente2.com\/index.php?rest_route=%2Fwp%2Fv2%2Fcomments&post=2265"}],"version-history":[{"count":1,"href":"http:\/\/www.francamente2.com\/index.php?rest_route=\/wp\/v2\/posts\/2265\/revisions"}],"predecessor-version":[{"id":2266,"href":"http:\/\/www.francamente2.com\/index.php?rest_route=\/wp\/v2\/posts\/2265\/revisions\/2266"}],"wp:attachment":[{"href":"http:\/\/www.francamente2.com\/index.php?rest_route=%2Fwp%2Fv2%2Fmedia&parent=2265"}],"wp:term":[{"taxonomy":"category","embeddable":true,"href":"http:\/\/www.francamente2.com\/index.php?rest_route=%2Fwp%2Fv2%2Fcategories&post=2265"},{"taxonomy":"post_tag","embeddable":true,"href":"http:\/\/www.francamente2.com\/index.php?rest_route=%2Fwp%2Fv2%2Ftags&post=2265"}],"curies":[{"name":"wp","href":"https:\/\/api.w.org\/{rel}","templated":true}]}}