{"id":133,"date":"2014-09-01T11:13:03","date_gmt":"2014-09-01T10:13:03","guid":{"rendered":"http:\/\/www.francamente2.com\/?p=133"},"modified":"2014-10-09T10:56:37","modified_gmt":"2014-10-09T09:56:37","slug":"nella-mia-intervista-alla-radio-la-verita-sullutilita-dei-fallimenti","status":"publish","type":"post","link":"http:\/\/www.francamente2.com\/?p=133","title":{"rendered":"Nella mia intervista alla radio, la verit\u00e0 sull\u2019utilit\u00e0 dei fallimenti"},"content":{"rendered":"<p>Ieri \u00e8 morto Georges Pradez, uno dei cronisti storici della RTBF, la radio nazionale francofona del Belgio, fin dagli anni inizi \u201860. La notizia mi \u00e8 giunta alla radio mentre ne ascoltavo il giornale andando al lavoro.<br \/>\nEra nato nel 1939\u00a0: la cosa mi ha subito colpito. Era di solo cinque anni pi\u00f9 vecchio di me\u2026<br \/>\nLo avevo conosciuto una quindicina di anni fa all\u2019occasione di una lunga intervista che mi aveva fatto, in diretta, in una rubrica quotidiana che teneva dalle 13h30 alle 14. Giornalista molto popolare, aveva una capacit\u00e0 rara di entrare in rapporto diretto, profondo e amichevole praticamente con tutti i suoi ospiti.<\/p>\n<p>Mi aveva invitato in quanto segnalato come imprenditore che aveva avuto successo, anche come emigrato.<br \/>\nMa, soprattutto, era quello il primo grande periodo delle crisi economiche dette post-moderne. C\u2019erano gi\u00e0 molti fallimenti di aziende che spaventavano parecchio l\u2019anc\u00f2ra tranquilla velocit\u00e0 delle imprese del paese e delle sue inevitabilmente e sgradevolmente sorprese popolazioni.<br \/>\nSi trattava della crisi specifica della \u00abbolla informatica\u00bb, del 1997-99.<br \/>\nLa novit\u00e0 della mia impresa Eurologos consisteva, fondamentalmente, nel fatto che all\u2019epoca avessimo iniziato la nostra glocalizzazione, vale a dire la prima internazionalizzazione delle nostre agenzie fuori dal Belgio, naturalmente: all\u2019epoca, in Germania, Italia, Grecia e Francia\u2026<\/p>\n<p>Ci fu una una domanda che Pradez mi rivolse e che era, va da s\u00e9, di assoluta attualit\u00e0.<br \/>\n\u00ab<strong>Cosa ne pensa della serie delle molte imprese che falliscono \u2013<\/strong> cito a memoria, naturalmente <strong>\u2013 e che stanno creando tanta disoccupazione?<\/strong>\u00bb.<br \/>\nLa mia risposta sciocc\u00f2 immediatamente il gioviale intervistatore, grande comunicatore che ne stava intervistando uno, supposto omologo in piena attivit\u00e0 sui mercati. Siccome i fallimenti, avendoli sempre visti come eventi inevitabili di aziende che non corrispondevano pi\u00f9 i bisogni del mercato, li giudicavo assolutamente come <em>positivi<\/em>, ho risposto secco! Ben altri e diversamente tragici sono gl\u2019innumerevoli fallimenti attuali provocati dalla crisi strategica e strutturale, per denatalit\u00e0 e debiti pubblici (mancanza generalizzata e colpevole di domanda!).<br \/>\nIl mio giornalista quasi era sbiancato: cos\u00ec, per rimediare, ho rincarato la dose spiegando semplicemente.<br \/>\n<strong>\u00abUn\u2019azienda esiste solo in quanto \u00e8 di pubblica utilit\u00e0 per i mercati. Cio\u00e9 se i suoi prodotti o servizi siano, o meno, utili (o indispensabili) in permanenza ai clienti che ne utilizzano i vantaggi\u00bb.<br \/>\n<\/strong>Cos\u00ec, quando questi servizi non sono pi\u00f9 competitivi, oppure quando questi non siano pi\u00f9 percepiti come tali, il fallimento o la sparizione dell\u2019impresa non pu\u00f2 essere che positiva: innanzitutto per i consumatori e, poi, per i concorrenti che potranno cos\u00ec far meglio nel mercato residuale lasciato libero\u2026\u00bb.<\/p>\n<p>La mia spiegazione, diretta, senza dire alcunch\u00e9 rispetto a quanto (generalmente) gi\u00e0 conosciuto come valido e inaggirabile sul piano economico, sembra che non fosse mai stata detta (o quasi) alla radio nazionale (molto di sinistra). Pradez, sulle prime alquanto imbarazzato, dovette prendere atto della ragionevolezza anche contabile della mia risposta. E nel giro di qualche secondo dovette convenire con la tesi inappuntabile propria all\u2019impresa privata che solo dai propri clienti ricava la sua ragion d\u2019essere.<br \/>\n\u00c8 nella velocit\u00e0 di ripartita e di riconoscimento della realt\u00e0, che il talento di un giornalista si manifesta veramente.<br \/>\nIl cronista Pradez, funzionarizzato e fatalmente fuori mercato, nonch\u00e9 molto lontato dagli imperativi economici esclusivamente pagati dai clienti, fu come al solito, rapido nella cosa.<br \/>\nQuanto ai disoccupati, se lo statalismo non ci mette lo zampino (in questo caso solo per il cosiddetto accompagnamento sociale), ritroveranno rapidamente il loro lavoro. Anche in altri settori. Oppure, come mille volte si era gi\u00e0 prodotto, creando una nuova, necessaria e personale azienda.<\/p>\n","protected":false},"excerpt":{"rendered":"<p>Ieri \u00e8 morto Georges Pradez, uno dei cronisti storici della RTBF, la radio nazionale francofona del Belgio, fin dagli anni inizi \u201860. La notizia mi \u00e8 giunta alla radio mentre ne ascoltavo il giornale andando al lavoro. Era nato nel 1939\u00a0: la cosa mi ha subito colpito. Era di solo cinque anni pi\u00f9 vecchio di [&hellip;]<\/p>\n","protected":false},"author":5,"featured_media":0,"comment_status":"open","ping_status":"closed","sticky":false,"template":"","format":"standard","meta":{"footnotes":""},"categories":[1],"tags":[],"class_list":["post-133","post","type-post","status-publish","format-standard","hentry","category-francamente2"],"post_mailing_queue_ids":[],"_links":{"self":[{"href":"http:\/\/www.francamente2.com\/index.php?rest_route=\/wp\/v2\/posts\/133","targetHints":{"allow":["GET"]}}],"collection":[{"href":"http:\/\/www.francamente2.com\/index.php?rest_route=\/wp\/v2\/posts"}],"about":[{"href":"http:\/\/www.francamente2.com\/index.php?rest_route=\/wp\/v2\/types\/post"}],"author":[{"embeddable":true,"href":"http:\/\/www.francamente2.com\/index.php?rest_route=\/wp\/v2\/users\/5"}],"replies":[{"embeddable":true,"href":"http:\/\/www.francamente2.com\/index.php?rest_route=%2Fwp%2Fv2%2Fcomments&post=133"}],"version-history":[{"count":3,"href":"http:\/\/www.francamente2.com\/index.php?rest_route=\/wp\/v2\/posts\/133\/revisions"}],"predecessor-version":[{"id":349,"href":"http:\/\/www.francamente2.com\/index.php?rest_route=\/wp\/v2\/posts\/133\/revisions\/349"}],"wp:attachment":[{"href":"http:\/\/www.francamente2.com\/index.php?rest_route=%2Fwp%2Fv2%2Fmedia&parent=133"}],"wp:term":[{"taxonomy":"category","embeddable":true,"href":"http:\/\/www.francamente2.com\/index.php?rest_route=%2Fwp%2Fv2%2Fcategories&post=133"},{"taxonomy":"post_tag","embeddable":true,"href":"http:\/\/www.francamente2.com\/index.php?rest_route=%2Fwp%2Fv2%2Ftags&post=133"}],"curies":[{"name":"wp","href":"https:\/\/api.w.org\/{rel}","templated":true}]}}