{"id":103,"date":"2014-09-01T14:48:04","date_gmt":"2014-09-01T13:48:04","guid":{"rendered":"http:\/\/www.francamente2.com\/?p=103"},"modified":"2014-10-27T14:42:20","modified_gmt":"2014-10-27T13:42:20","slug":"dans-mon-interview-a-la-radio-la-verite-sur-lutilite-des-faillites","status":"publish","type":"post","link":"http:\/\/www.francamente2.com\/?p=103","title":{"rendered":"Dans mon interview \u00e0 la radio, la v\u00e9rit\u00e9 sur l\u2019utilit\u00e9 des faillites"},"content":{"rendered":"<p>Hier est mort Georges Pradez, un des chronistes de la RTBF, la radio nationale francophone de la Belgique, depuis les d\u00e9buts des ann\u00e9es 60. J\u2019ai eu la nouvelle \u00e0 la radio pendant que j\u2019en \u00e9coutais le journal en me rendant au travail. Il \u00e9tait n\u00e9 en 1939\u00a0: la chose m\u2019a tout de suite frapp\u00e9. Il \u00e9tait de seuls cinq ans mon ain\u00e9\u2026 Je l\u2019avais connu il y a une quinzaine d\u2019ann\u00e9es \u00e0 l\u2019occasion d\u2019une longue interview qu\u2019il m\u2019avait fait, en direct, dans une rubrique quotidienne qu\u2019il tenait de 13h30 \u00e0 14h. Journaliste tr\u00e8s populaire, il avait une capacit\u00e9 rare d\u2019entrer en rapport direct, profond et amiable pratiquement avec tous ses h\u00f4tes.<br \/>\nIl m\u2019avait invit\u00e9 en tant qu\u2019entrepreneur signal\u00e9 qui avait eu succ\u00e8s, m\u00eame comme \u00e9migr\u00e9.<br \/>\nMais, surtout, c\u2019\u00e9tait celle-l\u00e0 la premi\u00e8re grande p\u00e9riode des crises \u00e9conomiques dites postmodernes. Il y avait d\u00e9j\u00e0 beaucoup de faillites d\u2019entreprises du pays et des ses populations in\u00e9vitablement et d\u00e9sagr\u00e9ables surprises. Il s\u2019agissait de la crise sp\u00e9cifique\u00a0de la \u00ab\u00a0bulle informatique\u00a0\u00bb du 1997-99.<\/p>\n<p>La nouveaut\u00e9 de mon entreprise Eurologos consistait, fondamentalement, dans le fait qu\u2019\u00e0 l\u2019\u00e9poque nous venions d\u2019entamer notre glocalisation, c\u2019est-\u00e0-dire la premi\u00e8re internationalisation de nos agences, en dehors de la Belgique, naturellement\u00a0: \u00e0 l\u2019\u00e9poque, en Allemagne, Italie, Gr\u00e8ce et France\u2026<br \/>\nIl y eut une question que Pradez m\u2019adressa et qui \u00e9tait, il va de soi, tr\u00e8s d\u2019actualit\u00e9.<\/p>\n<p><strong>\u00ab\u00a0Quoi pensez-vous de la s\u00e9rie des nombreuses entreprises qui font faillite<\/strong> \u2013 je cite par c\u0153ur, naturellement \u2013 <strong>et qui sont en train de cr\u00e9er beaucoup de ch\u00f4mage\u00a0?\u00a0\u00bb<\/strong><\/p>\n<p>Ma r\u00e9ponse avait choquait imm\u00e9diatement l\u2019intervieweur jovial, grand communicateur qui \u00e9tait en train d\u2019en interviewer un, suppos\u00e9 homologue en pleine activit\u00e9 sur les march\u00e9s. Comme j\u2019avais toujours jug\u00e9 les faillites \u00e0 la guise d\u2019\u00e9v\u00e9nements in\u00e9vitables, lorsqu\u2019elles concernaient des entreprises qui ne correspondaient plus aux besoins du march\u00e9, je les \u00e9valuais comme absolument <em>positifs<\/em>, j\u2019ai r\u00e9pondu sec\u00a0! Diversement tragiques et bien autres sont les innombrables faillites de nos jours provoqu\u00e9s par la crise strat\u00e9gique et structurelle, par d\u00e9natalit\u00e9 et dettes publiques (manque g\u00e9n\u00e9ralis\u00e9e et coupable de demande\u00a0!).<br \/>\nMon journaliste \u00e9tait presque p\u00e2li\u00a0: pour \u00ab\u00a0rem\u00e9dier\u00a0\u00bb, j\u2019ai rench\u00e9ri en expliquant tout simplement.<\/p>\n<p><strong>\u00ab\u00a0Une entreprise n\u2019existe que si elle est d\u2019utilit\u00e9 publique pour les march\u00e9s. C\u2019est-\u00e0-dire que, si ses produits ou services ne sont plus utiles (voire indispensables) en permanence pour les clients qui en utilisent les avantages, sa raison d\u2019\u00eatre n\u2019a pas de sens\u00a0\u00bb.<br \/>\n<\/strong>Ainsi, lorsque ces services ne sont plus comp\u00e9titifs, ou bien lorsqu\u2019ils ne sont plus per\u00e7us comme tels, la faillite ou la disparition de l\u2019entreprise ne peut \u00eatre que positive\u00a0: d\u2019abord pour les consommateurs et, ensuite, pour les concurrents qui pourront ainsi mieux faire dans le march\u00e9 r\u00e9siduel laiss\u00e9 libre\u2026\u00a0\u00bb.<\/p>\n<p>Mon explication, directe, sans dire quoi que ce soit de non connu par rapport \u00e0 ce qui g\u00e9n\u00e9ralement \u00e9tait validement et incontournablement acquis sur le plan \u00e9conomique, semblait avoir \u00e9t\u00e9 dite pour la premi\u00e8re fois, ou presque, \u00e0 la radio nationale (tr\u00e8s de gauche). Pradez, au d\u00e9but tr\u00e8s embarrass\u00e9, dut prendre acte du raisonnable m\u00eame comptable de ma r\u00e9ponse. C\u2019est de la v\u00e9locit\u00e9 de la repartie, de la reconnaissance de la r\u00e9alit\u00e9, que le talent d\u2019un journaliste se manifeste vraiment. Le chroniste Pradez, fonctionnaris\u00e9 et fatalement en dehors du march\u00e9, \u00e0 savoir tr\u00e8s loin des imp\u00e9ratifs \u00e9conomiques exclusivement pay\u00e9s par les clients, fut, comme d\u2019habitude, tr\u00e8s rapide dans la chose.<\/p>\n<p>Quant aux nouveaux ch\u00f4meurs, si l\u2019\u00e9tatisme ne s\u2019y m\u00eale pas (dans ce cas exclusivement pour le soi disant accompagnement social), ils retrouveront rapidement leur travail. M\u00eame dans d\u2019autres secteurs.<br \/>\nOu, comme il s\u2019est mille fois d\u00e9j\u00e0 produit, en cr\u00e9ant une nouvelle, n\u00e9cessaire et personnelle entreprise.<\/p>\n","protected":false},"excerpt":{"rendered":"<p>Hier est mort Georges Pradez, un des chronistes de la RTBF, la radio nationale francophone de la Belgique, depuis les d\u00e9buts des ann\u00e9es 60. J\u2019ai eu la nouvelle \u00e0 la radio pendant que j\u2019en \u00e9coutais le journal en me rendant au travail. Il \u00e9tait n\u00e9 en 1939\u00a0: la chose m\u2019a tout de suite frapp\u00e9. Il [&hellip;]<\/p>\n","protected":false},"author":5,"featured_media":0,"comment_status":"open","ping_status":"closed","sticky":false,"template":"","format":"standard","meta":{"footnotes":""},"categories":[1],"tags":[],"class_list":["post-103","post","type-post","status-publish","format-standard","hentry","category-francamente2"],"post_mailing_queue_ids":[],"_links":{"self":[{"href":"http:\/\/www.francamente2.com\/index.php?rest_route=\/wp\/v2\/posts\/103","targetHints":{"allow":["GET"]}}],"collection":[{"href":"http:\/\/www.francamente2.com\/index.php?rest_route=\/wp\/v2\/posts"}],"about":[{"href":"http:\/\/www.francamente2.com\/index.php?rest_route=\/wp\/v2\/types\/post"}],"author":[{"embeddable":true,"href":"http:\/\/www.francamente2.com\/index.php?rest_route=\/wp\/v2\/users\/5"}],"replies":[{"embeddable":true,"href":"http:\/\/www.francamente2.com\/index.php?rest_route=%2Fwp%2Fv2%2Fcomments&post=103"}],"version-history":[{"count":4,"href":"http:\/\/www.francamente2.com\/index.php?rest_route=\/wp\/v2\/posts\/103\/revisions"}],"predecessor-version":[{"id":513,"href":"http:\/\/www.francamente2.com\/index.php?rest_route=\/wp\/v2\/posts\/103\/revisions\/513"}],"wp:attachment":[{"href":"http:\/\/www.francamente2.com\/index.php?rest_route=%2Fwp%2Fv2%2Fmedia&parent=103"}],"wp:term":[{"taxonomy":"category","embeddable":true,"href":"http:\/\/www.francamente2.com\/index.php?rest_route=%2Fwp%2Fv2%2Fcategories&post=103"},{"taxonomy":"post_tag","embeddable":true,"href":"http:\/\/www.francamente2.com\/index.php?rest_route=%2Fwp%2Fv2%2Ftags&post=103"}],"curies":[{"name":"wp","href":"https:\/\/api.w.org\/{rel}","templated":true}]}}